{"id":140521,"date":"2020-05-28T21:06:26","date_gmt":"2020-05-28T18:06:26","guid":{"rendered":"http:\/\/sana.sy\/es\/?p=140521"},"modified":"2023-01-10T14:32:47","modified_gmt":"2023-01-10T12:32:47","slug":"comienza-el-cultivo-de-la-rosa-de-damasco-patrimonio-intangible-de-la-humanidad-y-la-embajadora-de-siria-al-mundo","status":"publish","type":"post","link":"https:\/\/archive.sana.sy\/es\/?p=140521","title":{"rendered":"Comienza la cosecha de la \u201cRosa de Damasco\u201d, patrimonio intangible de la humanidad y la embajadora de Siria al mundo"},"content":{"rendered":"<p style=\"text-align: justify;\"><span style=\"color: #800000;\"><strong>Damasco-campo, SANA<\/strong><\/span><\/p>\n<p style=\"text-align: justify;\">Los pobladores de la localidad de Al-Marah al norte de la capital Damasco han comenzado la cosecha de la Rosa de Damasco (Al-Wardah Al-Chamieh en \u00e1rabe) que fue incluida el a\u00f1o pasado en la lista del patrimonio intangible de la humanidad por la Organizaci\u00f3n de las Naciones Unidas para la Educaci\u00f3n.<\/p>\n<p style=\"text-align: justify;\">Hombres, mujeres y ni\u00f1os del referido pueblo se dirigen con gran alegr\u00eda desde horas tempranas de la ma\u00f1ana a sus campos sembrados de rosas, en un ritual que lleva ya cientos de a\u00f1os.<\/p>\n<p style=\"text-align: justify;\">El jefe de la Asociaci\u00f3n de Desarrollo de la Rosa de Damasco, Madian Bitar, dijo que el trabajo se ha duplicado despu\u00e9s de la inclusi\u00f3n de la rosa y todo lo relacionado a la misma en la lista del patrimonio mundial intangible.<\/p>\n<p style=\"text-align: justify;\">Revel\u00f3 que el \u00e1rea sembrada de rosa en el poblado supera las 350 hect\u00e1reas y la producci\u00f3n se estima este a\u00f1o en 60 toneladas de rosas.<\/p>\n<p style=\"text-align: justify;\">A parte de su belleza natural y valor espiritual, la rosa de Damasco tiene usos m\u00e9dicos, cosm\u00e9ticos y econ\u00f3micos, y se ha convertido en la principal fuente de ingreso para los agricultores junto a la apicultura.<\/p>\n<p style=\"text-align: justify;\">Cremas, perfumes, agua de rosa y m\u00e1s de 20 productos m\u00e9dicos y cosm\u00e9ticos se producen de la Rosa de Damasco.<\/p>\n<p style=\"text-align: justify;\">La planta productora de los derivados de la rosa se encuentra en la Ciudad Industrial de Adra cerca de Damasco, y su producci\u00f3n cubre las necesidades del mercado local y se exporta tambi\u00e9n al extranjero.<\/p>\n<div id='gallery-1' class='gallery galleryid-140521 gallery-columns-1 gallery-size-full'><figure class='gallery-item'>\n\t\t\t<div class='gallery-icon landscape'>\n\t\t\t\t<a href='https:\/\/archive.sana.sy\/es\/wp-content\/uploads\/2020\/05\/61924546_2743194482420852_2926510193447534592_o.jpg'><img loading=\"lazy\" decoding=\"async\" width=\"960\" height=\"656\" src=\"https:\/\/archive.sana.sy\/es\/wp-content\/uploads\/2020\/05\/61924546_2743194482420852_2926510193447534592_o.jpg\" class=\"attachment-full size-full\" alt=\"\" srcset=\"https:\/\/archive.sana.sy\/es\/wp-content\/uploads\/2020\/05\/61924546_2743194482420852_2926510193447534592_o.jpg 960w, https:\/\/archive.sana.sy\/es\/wp-content\/uploads\/2020\/05\/61924546_2743194482420852_2926510193447534592_o-300x205.jpg 300w, https:\/\/archive.sana.sy\/es\/wp-content\/uploads\/2020\/05\/61924546_2743194482420852_2926510193447534592_o-150x103.jpg 150w, https:\/\/archive.sana.sy\/es\/wp-content\/uploads\/2020\/05\/61924546_2743194482420852_2926510193447534592_o-768x525.jpg 768w, https:\/\/archive.sana.sy\/es\/wp-content\/uploads\/2020\/05\/61924546_2743194482420852_2926510193447534592_o-110x75.jpg 110w\" sizes=\"(max-width: 960px) 100vw, 960px\" \/><\/a>\n\t\t\t<\/div><\/figure><figure class='gallery-item'>\n\t\t\t<div class='gallery-icon landscape'>\n\t\t\t\t<a href='https:\/\/archive.sana.sy\/es\/wp-content\/uploads\/2020\/05\/61746354_2743194125754221_151871868947660800_o.jpg'><img loading=\"lazy\" decoding=\"async\" width=\"960\" height=\"660\" src=\"https:\/\/archive.sana.sy\/es\/wp-content\/uploads\/2020\/05\/61746354_2743194125754221_151871868947660800_o.jpg\" class=\"attachment-full size-full\" alt=\"\" srcset=\"https:\/\/archive.sana.sy\/es\/wp-content\/uploads\/2020\/05\/61746354_2743194125754221_151871868947660800_o.jpg 960w, https:\/\/archive.sana.sy\/es\/wp-content\/uploads\/2020\/05\/61746354_2743194125754221_151871868947660800_o-300x206.jpg 300w, https:\/\/archive.sana.sy\/es\/wp-content\/uploads\/2020\/05\/61746354_2743194125754221_151871868947660800_o-150x103.jpg 150w, https:\/\/archive.sana.sy\/es\/wp-content\/uploads\/2020\/05\/61746354_2743194125754221_151871868947660800_o-768x528.jpg 768w, https:\/\/archive.sana.sy\/es\/wp-content\/uploads\/2020\/05\/61746354_2743194125754221_151871868947660800_o-110x75.jpg 110w\" sizes=\"(max-width: 960px) 100vw, 960px\" \/><\/a>\n\t\t\t<\/div><\/figure><figure class='gallery-item'>\n\t\t\t<div class='gallery-icon landscape'>\n\t\t\t\t<a href='https:\/\/archive.sana.sy\/es\/wp-content\/uploads\/2020\/05\/17-5-660x330-1.jpg'><img loading=\"lazy\" decoding=\"async\" width=\"660\" height=\"330\" src=\"https:\/\/archive.sana.sy\/es\/wp-content\/uploads\/2020\/05\/17-5-660x330-1.jpg\" class=\"attachment-full size-full\" alt=\"\" srcset=\"https:\/\/archive.sana.sy\/es\/wp-content\/uploads\/2020\/05\/17-5-660x330-1.jpg 660w, https:\/\/archive.sana.sy\/es\/wp-content\/uploads\/2020\/05\/17-5-660x330-1-300x150.jpg 300w, https:\/\/archive.sana.sy\/es\/wp-content\/uploads\/2020\/05\/17-5-660x330-1-150x75.jpg 150w\" sizes=\"(max-width: 660px) 100vw, 660px\" \/><\/a>\n\t\t\t<\/div><\/figure><figure class='gallery-item'>\n\t\t\t<div class='gallery-icon landscape'>\n\t\t\t\t<a href='https:\/\/archive.sana.sy\/es\/wp-content\/uploads\/2020\/05\/62188710_2743196285754005_8084420969940123648_o.jpg'><img loading=\"lazy\" decoding=\"async\" width=\"660\" height=\"350\" src=\"https:\/\/archive.sana.sy\/es\/wp-content\/uploads\/2020\/05\/62188710_2743196285754005_8084420969940123648_o.jpg\" class=\"attachment-full size-full\" alt=\"\" srcset=\"https:\/\/archive.sana.sy\/es\/wp-content\/uploads\/2020\/05\/62188710_2743196285754005_8084420969940123648_o.jpg 660w, https:\/\/archive.sana.sy\/es\/wp-content\/uploads\/2020\/05\/62188710_2743196285754005_8084420969940123648_o-300x159.jpg 300w, https:\/\/archive.sana.sy\/es\/wp-content\/uploads\/2020\/05\/62188710_2743196285754005_8084420969940123648_o-150x80.jpg 150w, https:\/\/archive.sana.sy\/es\/wp-content\/uploads\/2020\/05\/62188710_2743196285754005_8084420969940123648_o-310x165.jpg 310w\" sizes=\"(max-width: 660px) 100vw, 660px\" \/><\/a>\n\t\t\t<\/div><\/figure>\n\t\t<\/div>\n\n<p style=\"text-align: justify;\"><span style=\"color: #0000ff;\"><strong>F.M<\/strong><\/span><\/p>\n","protected":false},"excerpt":{"rendered":"<p>Damasco-campo, SANA Los pobladores de la localidad de Al-Marah al norte de la capital Damasco han comenzado la cosecha de la Rosa de Damasco (Al-Wardah Al-Chamieh en \u00e1rabe) que fue incluida el a\u00f1o pasado en la lista del patrimonio intangible de la humanidad por la Organizaci\u00f3n de las Naciones Unidas para la Educaci\u00f3n. Hombres, mujeres &hellip;<\/p>\n","protected":false},"author":34,"featured_media":140522,"comment_status":"closed","ping_status":"closed","sticky":false,"template":"","format":"standard","meta":{"footnotes":""},"categories":[447,597,476,7541],"tags":[],"class_list":["post-140521","post","type-post","status-publish","format-standard","has-post-thumbnail","","category-local-politica","category-cinta-de-noticias","category-locales","category-ultimas-noticias"],"_links":{"self":[{"href":"https:\/\/archive.sana.sy\/es\/index.php?rest_route=\/wp\/v2\/posts\/140521"}],"collection":[{"href":"https:\/\/archive.sana.sy\/es\/index.php?rest_route=\/wp\/v2\/posts"}],"about":[{"href":"https:\/\/archive.sana.sy\/es\/index.php?rest_route=\/wp\/v2\/types\/post"}],"author":[{"embeddable":true,"href":"https:\/\/archive.sana.sy\/es\/index.php?rest_route=\/wp\/v2\/users\/34"}],"replies":[{"embeddable":true,"href":"https:\/\/archive.sana.sy\/es\/index.php?rest_route=%2Fwp%2Fv2%2Fcomments&post=140521"}],"version-history":[{"count":0,"href":"https:\/\/archive.sana.sy\/es\/index.php?rest_route=\/wp\/v2\/posts\/140521\/revisions"}],"wp:featuredmedia":[{"embeddable":true,"href":"https:\/\/archive.sana.sy\/es\/index.php?rest_route=\/wp\/v2\/media\/140522"}],"wp:attachment":[{"href":"https:\/\/archive.sana.sy\/es\/index.php?rest_route=%2Fwp%2Fv2%2Fmedia&parent=140521"}],"wp:term":[{"taxonomy":"category","embeddable":true,"href":"https:\/\/archive.sana.sy\/es\/index.php?rest_route=%2Fwp%2Fv2%2Fcategories&post=140521"},{"taxonomy":"post_tag","embeddable":true,"href":"https:\/\/archive.sana.sy\/es\/index.php?rest_route=%2Fwp%2Fv2%2Ftags&post=140521"}],"curies":[{"name":"wp","href":"https:\/\/api.w.org\/{rel}","templated":true}]}}