{"id":140548,"date":"2020-05-28T20:30:04","date_gmt":"2020-05-28T17:30:04","guid":{"rendered":"http:\/\/sana.sy\/es\/?p=140548"},"modified":"2020-05-28T20:30:04","modified_gmt":"2020-05-28T17:30:04","slug":"ultima-hora-siria-condena-decision-de-la-union-europa-de-extender-las-medidas-coercitivas-unilaterales-y-asegura-que-dicha-decision-demuestra-que-la-ue-es-complice-en-la-guerra-contra-siria-y-en-el-a","status":"publish","type":"post","link":"https:\/\/archive.sana.sy\/es\/?p=140548","title":{"rendered":"\u00daLTIMA HORA: Siria condena decisi\u00f3n de la Uni\u00f3n Europa de extender las medidas coercitivas unilaterales y asegura que dicha decisi\u00f3n demuestra que la UE es c\u00f3mplice en la guerra contra Siria y en el apoyo a los grupos terroristas"},"content":{"rendered":"","protected":false},"excerpt":{"rendered":"","protected":false},"author":30,"featured_media":0,"comment_status":"closed","ping_status":"closed","sticky":false,"template":"","format":"standard","meta":{"footnotes":""},"categories":[596],"tags":[],"class_list":["post-140548","post","type-post","status-publish","format-standard","","category-urgente"],"_links":{"self":[{"href":"https:\/\/archive.sana.sy\/es\/index.php?rest_route=\/wp\/v2\/posts\/140548"}],"collection":[{"href":"https:\/\/archive.sana.sy\/es\/index.php?rest_route=\/wp\/v2\/posts"}],"about":[{"href":"https:\/\/archive.sana.sy\/es\/index.php?rest_route=\/wp\/v2\/types\/post"}],"author":[{"embeddable":true,"href":"https:\/\/archive.sana.sy\/es\/index.php?rest_route=\/wp\/v2\/users\/30"}],"replies":[{"embeddable":true,"href":"https:\/\/archive.sana.sy\/es\/index.php?rest_route=%2Fwp%2Fv2%2Fcomments&post=140548"}],"version-history":[{"count":0,"href":"https:\/\/archive.sana.sy\/es\/index.php?rest_route=\/wp\/v2\/posts\/140548\/revisions"}],"wp:attachment":[{"href":"https:\/\/archive.sana.sy\/es\/index.php?rest_route=%2Fwp%2Fv2%2Fmedia&parent=140548"}],"wp:term":[{"taxonomy":"category","embeddable":true,"href":"https:\/\/archive.sana.sy\/es\/index.php?rest_route=%2Fwp%2Fv2%2Fcategories&post=140548"},{"taxonomy":"post_tag","embeddable":true,"href":"https:\/\/archive.sana.sy\/es\/index.php?rest_route=%2Fwp%2Fv2%2Ftags&post=140548"}],"curies":[{"name":"wp","href":"https:\/\/api.w.org\/{rel}","templated":true}]}}