{"id":140554,"date":"2020-05-28T21:10:07","date_gmt":"2020-05-28T18:10:07","guid":{"rendered":"http:\/\/sana.sy\/es\/?p=140554"},"modified":"2020-05-28T21:10:07","modified_gmt":"2020-05-28T18:10:07","slug":"siria-denuncia-decision-de-la-ue-de-prolongar-las-medidas-coercitivas-unilaterales","status":"publish","type":"post","link":"https:\/\/archive.sana.sy\/es\/?p=140554","title":{"rendered":"Siria denuncia decisi\u00f3n de la UE de prolongar las medidas coercitivas unilaterales"},"content":{"rendered":"<p style=\"text-align: justify;\"><span style=\"color: #800000;\"><strong>Damasco, SANA<\/strong><\/span><\/p>\n<p style=\"text-align: justify;\">El Ministerio de Exteriores y Expatriados de Siria conden\u00f3 hoy la decisi\u00f3n de la Uni\u00f3n Europa de extender las medidas coercitivas unilaterales y asegur\u00f3 que la misma demuestra que la UE es c\u00f3mplice en la guerra contra Siria y en el apoyo a los grupos terroristas.<\/p>\n<p style=\"text-align: justify;\">\u201cNo extra\u00f1a la decisi\u00f3n de Uni\u00f3n Europea de extender las medidas coercitivas impuestas a Siria, ya que la misma se tom\u00f3 inmediatamente despu\u00e9s de una semejante decisi\u00f3n por parte de EE.UU\u201d, indic\u00f3 la Canciller\u00eda siria en una declaraci\u00f3n .<br \/>\nAgreg\u00f3 que \u201ceso confirma la falta de independencia de la decisi\u00f3n de la UE y su humillante servilismo a la pol\u00edtica estadounidense\u201d.<\/p>\n<p style=\"text-align: justify;\">\u201cEsa decisi\u00f3n evidencia la plena implicaci\u00f3n de la Uni\u00f3n Europea en la guerra contra Siria y su apoyo ilimitado a los grupos terroristas, y por lo tanto es responsable del derramamiento de sangre de los sirios y de su sufrimiento a consecuencia de las sanciones econ\u00f3micas injustas que afectan los esfuerzos para proporcionar infraestructura m\u00e9dica necesaria para hacer frente a la pandemia del nuevo Coronavirus\u201d, subray\u00f3.<\/p>\n<p style=\"text-align: justify;\">Denunci\u00f3 que esas sanciones constituyen una flagrante violaci\u00f3n a los derechos humanos m\u00e1s b\u00e1sicos y al derecho humanitario internacional, y representa un crimen de lesa humanidad.<\/p>\n<p style=\"text-align: justify;\">Seg\u00fan la declaraci\u00f3n, la decisi\u00f3n de la UE revela la falsedad de las posturas y declaraciones de los funcionarios de la UE sobre la flexibilizaci\u00f3n de las sanciones en relaci\u00f3n con la ayuda humanitaria en respuesta a la epidemia Covid-19.<\/p>\n<p style=\"text-align: justify;\">\u201cEsa decisi\u00f3n revela la hipocres\u00eda que ya es caracter\u00edstica de la pol\u00edtica europea, y deja a la UE sin el menor grado de credibilidad y la despoja de cualquier consideraci\u00f3n en la escena internacional y ante la opini\u00f3n p\u00fablica europea\u201d, concluy\u00f3 Canciller\u00eda siria.<\/p>\n<p style=\"text-align: justify;\"><span style=\"color: #0000ff;\"><strong>F. M.\/ A. H.<\/strong><\/span><\/p>\n","protected":false},"excerpt":{"rendered":"<p>Damasco, SANA El Ministerio de Exteriores y Expatriados de Siria conden\u00f3 hoy la decisi\u00f3n de la Uni\u00f3n Europa de extender las medidas coercitivas unilaterales y asegur\u00f3 que la misma demuestra que la UE es c\u00f3mplice en la guerra contra Siria y en el apoyo a los grupos terroristas. \u201cNo extra\u00f1a la decisi\u00f3n de Uni\u00f3n Europea &hellip;<\/p>\n","protected":false},"author":30,"featured_media":140555,"comment_status":"closed","ping_status":"closed","sticky":false,"template":"","format":"standard","meta":{"footnotes":""},"categories":[597,476,583],"tags":[17824],"class_list":["post-140554","post","type-post","status-publish","format-standard","has-post-thumbnail","","category-cinta-de-noticias","category-locales","category-slide","tag-siria-denuncia-decision-de-la-ue-de-prolongar-las-medidas-coercitivas-unilaterales"],"_links":{"self":[{"href":"https:\/\/archive.sana.sy\/es\/index.php?rest_route=\/wp\/v2\/posts\/140554"}],"collection":[{"href":"https:\/\/archive.sana.sy\/es\/index.php?rest_route=\/wp\/v2\/posts"}],"about":[{"href":"https:\/\/archive.sana.sy\/es\/index.php?rest_route=\/wp\/v2\/types\/post"}],"author":[{"embeddable":true,"href":"https:\/\/archive.sana.sy\/es\/index.php?rest_route=\/wp\/v2\/users\/30"}],"replies":[{"embeddable":true,"href":"https:\/\/archive.sana.sy\/es\/index.php?rest_route=%2Fwp%2Fv2%2Fcomments&post=140554"}],"version-history":[{"count":0,"href":"https:\/\/archive.sana.sy\/es\/index.php?rest_route=\/wp\/v2\/posts\/140554\/revisions"}],"wp:featuredmedia":[{"embeddable":true,"href":"https:\/\/archive.sana.sy\/es\/index.php?rest_route=\/wp\/v2\/media\/140555"}],"wp:attachment":[{"href":"https:\/\/archive.sana.sy\/es\/index.php?rest_route=%2Fwp%2Fv2%2Fmedia&parent=140554"}],"wp:term":[{"taxonomy":"category","embeddable":true,"href":"https:\/\/archive.sana.sy\/es\/index.php?rest_route=%2Fwp%2Fv2%2Fcategories&post=140554"},{"taxonomy":"post_tag","embeddable":true,"href":"https:\/\/archive.sana.sy\/es\/index.php?rest_route=%2Fwp%2Fv2%2Ftags&post=140554"}],"curies":[{"name":"wp","href":"https:\/\/api.w.org\/{rel}","templated":true}]}}