{"id":140557,"date":"2020-05-28T21:00:54","date_gmt":"2020-05-28T18:00:54","guid":{"rendered":"http:\/\/sana.sy\/es\/?p=140557"},"modified":"2020-05-28T21:49:49","modified_gmt":"2020-05-28T18:49:49","slug":"muere-una-persona-y-otras-resultan-heridas-mientras-extinguian-combatian-incendio-en-hasakeh","status":"publish","type":"post","link":"https:\/\/archive.sana.sy\/es\/?p=140557","title":{"rendered":"Muere una persona y otras resultan heridas mientras extingu\u00edan combat\u00edan incendio en Hasakeh"},"content":{"rendered":"<p style=\"text-align: justify\"><span style=\"color: #800000\"><strong>Hasakeh, SANA<\/strong><\/span><\/p>\n<p style=\"text-align: justify\">Un civil perdi\u00f3 la vida y otros sufrieron quemaduras mientras combat\u00edan un incendio en tierras agr\u00edcolas en la regi\u00f3n de Abu Raasin, en la provincia de Hasakeh.<\/p>\n<p style=\"text-align: justify\">Fuentes locales informaron que uno de los residentes falleci\u00f3 y otros sufrieron quemaduras mientras intentaban apagar el incendio que se prendi\u00f3 en los campos de trigo y cebada.<\/p>\n<p style=\"text-align: justify\">En la v\u00edspera, personas desconocidas prendieron fuego en los trigales y cebadas ya cosechados al suroeste de la ciudad de Abu Raasin.<\/p>\n<p style=\"text-align: justify\">El incendio intencionado se produjo en \u00e1reas de despliegue de grupos mercenarios terroristas apoyados por el r\u00e9gimen turco y grupos de las llamadas Fuerzas Democr\u00e1ticas Sirias (FDS).<\/p>\n<p style=\"text-align: justify\">Algunos residentes indicaron que elementos de la milicia \u201cFDS\u201d prendieron el fuego con el pretexto de detonar las minas que los mercenarios de Erdogan sembraron en el \u00e1rea.<\/p>\n<p style=\"text-align: justify\">Los lugare\u00f1os lograron impedir que el fuego se extendiera a los campos de cultivo cercanos.<\/p>\n<p style=\"text-align: justify\"><span style=\"color: #0000ff\"><strong>J.K.<\/strong><\/span><\/p>\n","protected":false},"excerpt":{"rendered":"<p>Hasakeh, SANA Un civil perdi\u00f3 la vida y otros sufrieron quemaduras mientras combat\u00edan un incendio en tierras agr\u00edcolas en la regi\u00f3n de Abu Raasin, en la provincia de Hasakeh. Fuentes locales informaron que uno de los residentes falleci\u00f3 y otros sufrieron quemaduras mientras intentaban apagar el incendio que se prendi\u00f3 en los campos de trigo &hellip;<\/p>\n","protected":false},"author":30,"featured_media":140558,"comment_status":"closed","ping_status":"closed","sticky":false,"template":"","format":"standard","meta":{"footnotes":""},"categories":[597,573,7541],"tags":[17825],"class_list":["post-140557","post","type-post","status-publish","format-standard","has-post-thumbnail","","category-cinta-de-noticias","category-la-realidad-de-los-acontecimientos-en-siria","category-ultimas-noticias","tag-muere-una-persona-y-otras-resultan-heridas-mientras-extinguian-combatian-incendio-en-hasakeh"],"_links":{"self":[{"href":"https:\/\/archive.sana.sy\/es\/index.php?rest_route=\/wp\/v2\/posts\/140557"}],"collection":[{"href":"https:\/\/archive.sana.sy\/es\/index.php?rest_route=\/wp\/v2\/posts"}],"about":[{"href":"https:\/\/archive.sana.sy\/es\/index.php?rest_route=\/wp\/v2\/types\/post"}],"author":[{"embeddable":true,"href":"https:\/\/archive.sana.sy\/es\/index.php?rest_route=\/wp\/v2\/users\/30"}],"replies":[{"embeddable":true,"href":"https:\/\/archive.sana.sy\/es\/index.php?rest_route=%2Fwp%2Fv2%2Fcomments&post=140557"}],"version-history":[{"count":0,"href":"https:\/\/archive.sana.sy\/es\/index.php?rest_route=\/wp\/v2\/posts\/140557\/revisions"}],"wp:featuredmedia":[{"embeddable":true,"href":"https:\/\/archive.sana.sy\/es\/index.php?rest_route=\/wp\/v2\/media\/140558"}],"wp:attachment":[{"href":"https:\/\/archive.sana.sy\/es\/index.php?rest_route=%2Fwp%2Fv2%2Fmedia&parent=140557"}],"wp:term":[{"taxonomy":"category","embeddable":true,"href":"https:\/\/archive.sana.sy\/es\/index.php?rest_route=%2Fwp%2Fv2%2Fcategories&post=140557"},{"taxonomy":"post_tag","embeddable":true,"href":"https:\/\/archive.sana.sy\/es\/index.php?rest_route=%2Fwp%2Fv2%2Ftags&post=140557"}],"curies":[{"name":"wp","href":"https:\/\/api.w.org\/{rel}","templated":true}]}}