{"id":140561,"date":"2020-05-28T21:45:22","date_gmt":"2020-05-28T18:45:22","guid":{"rendered":"http:\/\/sana.sy\/es\/?p=140561"},"modified":"2020-05-28T22:10:04","modified_gmt":"2020-05-28T19:10:04","slug":"decreto-presidencial-que-concede-oportunidad-a-estudiantes-continuar-estudios-universitarios-master-y-doctorado","status":"publish","type":"post","link":"https:\/\/archive.sana.sy\/es\/?p=140561","title":{"rendered":"Decreto presidencial que concede oportunidad a estudiantes continuar estudios universitarios, master y doctorado"},"content":{"rendered":"<p style=\"text-align: justify;\">Damasco, SANA<\/p>\n<p style=\"text-align: justify;\">El presidente Bashar Al-Assad emiti\u00f3 el decreto n\u00famero 125 para el a\u00f1o 2020 que permite a los estudiantes universitarios que perdieron las oportunidades de inscripci\u00f3n en la universidad, definido en el Decreto No. 250 del a\u00f1o 2006, reinscribirse en sus facultades.<\/p>\n<p style=\"text-align: justify;\">El decreto otorga un a\u00f1o acad\u00e9mico excepcional a los estudiantes de Master e Investigaci\u00f3n Profesional que excedieron del m\u00e1ximo de a\u00f1os (cursos acad\u00e9micos) de permanencia, y un a\u00f1o adicional a los estudiantes de Master y Doctorado que est\u00e9n matriculados en la etapa de tesis antes 01-03-2019.<\/p>\n<p style=\"text-align: justify;\">Y.K.<\/p>\n","protected":false},"excerpt":{"rendered":"<p>Damasco, SANA El presidente Bashar Al-Assad emiti\u00f3 el decreto n\u00famero 125 para el a\u00f1o 2020 que permite a los estudiantes universitarios que perdieron las oportunidades de inscripci\u00f3n en la universidad, definido en el Decreto No. 250 del a\u00f1o 2006, reinscribirse en sus facultades. El decreto otorga un a\u00f1o acad\u00e9mico excepcional a los estudiantes de Master &hellip;<\/p>\n","protected":false},"author":1,"featured_media":134668,"comment_status":"closed","ping_status":"closed","sticky":false,"template":"","format":"standard","meta":{"footnotes":""},"categories":[617,476,626],"tags":[],"class_list":["post-140561","post","type-post","status-publish","format-standard","has-post-thumbnail","","category-decretos-y-leyes","category-locales","category-sr-presidente"],"_links":{"self":[{"href":"https:\/\/archive.sana.sy\/es\/index.php?rest_route=\/wp\/v2\/posts\/140561"}],"collection":[{"href":"https:\/\/archive.sana.sy\/es\/index.php?rest_route=\/wp\/v2\/posts"}],"about":[{"href":"https:\/\/archive.sana.sy\/es\/index.php?rest_route=\/wp\/v2\/types\/post"}],"author":[{"embeddable":true,"href":"https:\/\/archive.sana.sy\/es\/index.php?rest_route=\/wp\/v2\/users\/1"}],"replies":[{"embeddable":true,"href":"https:\/\/archive.sana.sy\/es\/index.php?rest_route=%2Fwp%2Fv2%2Fcomments&post=140561"}],"version-history":[{"count":0,"href":"https:\/\/archive.sana.sy\/es\/index.php?rest_route=\/wp\/v2\/posts\/140561\/revisions"}],"wp:featuredmedia":[{"embeddable":true,"href":"https:\/\/archive.sana.sy\/es\/index.php?rest_route=\/wp\/v2\/media\/134668"}],"wp:attachment":[{"href":"https:\/\/archive.sana.sy\/es\/index.php?rest_route=%2Fwp%2Fv2%2Fmedia&parent=140561"}],"wp:term":[{"taxonomy":"category","embeddable":true,"href":"https:\/\/archive.sana.sy\/es\/index.php?rest_route=%2Fwp%2Fv2%2Fcategories&post=140561"},{"taxonomy":"post_tag","embeddable":true,"href":"https:\/\/archive.sana.sy\/es\/index.php?rest_route=%2Fwp%2Fv2%2Ftags&post=140561"}],"curies":[{"name":"wp","href":"https:\/\/api.w.org\/{rel}","templated":true}]}}