{"id":140573,"date":"2020-05-29T09:30:26","date_gmt":"2020-05-29T06:30:26","guid":{"rendered":"http:\/\/sana.sy\/es\/?p=140573"},"modified":"2020-05-29T09:30:26","modified_gmt":"2020-05-29T06:30:26","slug":"los-ulemas-musulmanes-en-el-libano-exigen-la-retirada-de-las-fuerzas-de-ocupacion-de-ee-uu-de-siria","status":"publish","type":"post","link":"https:\/\/archive.sana.sy\/es\/?p=140573","title":{"rendered":"Los Ulemas musulmanes en el L\u00edbano exigen la retirada de las fuerzas de ocupaci\u00f3n de EE.UU. de Siria"},"content":{"rendered":"<p style=\"text-align: justify;\"><span style=\"color: #800000;\"><strong>Beirut, SANA<\/strong><\/span><\/p>\n<p style=\"text-align: justify;\">El \u00f3rgano administrativo de la asociaci\u00f3n de los Ulemas Musulmanes en el L\u00edbano conden\u00f3 las pr\u00e1cticas provocativas de las fuerzas de ocupaci\u00f3n estadounidenses contra los civiles de la regi\u00f3n insular siria.<\/p>\n<p style=\"text-align: justify;\">En una declaraci\u00f3n emitida ayer desde el L\u00edbano, los eruditos religiosos exigieron la retirada incondicional de las fuerzas de ocupaci\u00f3n estadounidenses y de todas las fuerzas extranjeras que entraron sin la aprobaci\u00f3n del Estado sirio.<\/p>\n<p style=\"text-align: justify;\">Denunciaron las continuas violaciones cometidas por las fuerzas enemigas sionistas y sus repetidas violaciones de la frontera libanesa con los territorios ocupados en medio del silencio internacional, afirmando que esas acciones forman una violaci\u00f3n flagrante de la Resoluci\u00f3n 1701 de las Naciones Unidas.<\/p>\n<p style=\"text-align: justify;\"><span style=\"color: #0000ff;\"><strong>A. Sh.\/ F. M.\/ A. H.<\/strong><\/span><\/p>\n","protected":false},"excerpt":{"rendered":"<p>Beirut, SANA El \u00f3rgano administrativo de la asociaci\u00f3n de los Ulemas Musulmanes en el L\u00edbano conden\u00f3 las pr\u00e1cticas provocativas de las fuerzas de ocupaci\u00f3n estadounidenses contra los civiles de la regi\u00f3n insular siria. En una declaraci\u00f3n emitida ayer desde el L\u00edbano, los eruditos religiosos exigieron la retirada incondicional de las fuerzas de ocupaci\u00f3n estadounidenses y &hellip;<\/p>\n","protected":false},"author":30,"featured_media":140574,"comment_status":"closed","ping_status":"closed","sticky":false,"template":"","format":"standard","meta":{"footnotes":""},"categories":[597,467],"tags":[17829],"class_list":["post-140573","post","type-post","status-publish","format-standard","has-post-thumbnail","","category-cinta-de-noticias","category-siria-y-el-mundo","tag-los-ulemas-musulmanes-en-el-libano-exigen-la-retirada-de-las-fuerzas-de-ocupacion-de-ee-uu-de-siria"],"_links":{"self":[{"href":"https:\/\/archive.sana.sy\/es\/index.php?rest_route=\/wp\/v2\/posts\/140573"}],"collection":[{"href":"https:\/\/archive.sana.sy\/es\/index.php?rest_route=\/wp\/v2\/posts"}],"about":[{"href":"https:\/\/archive.sana.sy\/es\/index.php?rest_route=\/wp\/v2\/types\/post"}],"author":[{"embeddable":true,"href":"https:\/\/archive.sana.sy\/es\/index.php?rest_route=\/wp\/v2\/users\/30"}],"replies":[{"embeddable":true,"href":"https:\/\/archive.sana.sy\/es\/index.php?rest_route=%2Fwp%2Fv2%2Fcomments&post=140573"}],"version-history":[{"count":0,"href":"https:\/\/archive.sana.sy\/es\/index.php?rest_route=\/wp\/v2\/posts\/140573\/revisions"}],"wp:featuredmedia":[{"embeddable":true,"href":"https:\/\/archive.sana.sy\/es\/index.php?rest_route=\/wp\/v2\/media\/140574"}],"wp:attachment":[{"href":"https:\/\/archive.sana.sy\/es\/index.php?rest_route=%2Fwp%2Fv2%2Fmedia&parent=140573"}],"wp:term":[{"taxonomy":"category","embeddable":true,"href":"https:\/\/archive.sana.sy\/es\/index.php?rest_route=%2Fwp%2Fv2%2Fcategories&post=140573"},{"taxonomy":"post_tag","embeddable":true,"href":"https:\/\/archive.sana.sy\/es\/index.php?rest_route=%2Fwp%2Fv2%2Ftags&post=140573"}],"curies":[{"name":"wp","href":"https:\/\/api.w.org\/{rel}","templated":true}]}}