{"id":14071,"date":"2014-12-10T13:40:44","date_gmt":"2014-12-10T11:40:44","guid":{"rendered":"http:\/\/www.sana.sy\/es\/?p=14071"},"modified":"2014-12-10T17:41:27","modified_gmt":"2014-12-10T15:41:27","slug":"un-ministro-palestino-cae-martir-en-una-agresion-israeli","status":"publish","type":"post","link":"https:\/\/archive.sana.sy\/es\/?p=14071","title":{"rendered":"Un ministro palestino cae m\u00e1rtir en una agresi\u00f3n israel\u00ed"},"content":{"rendered":"<p>Cisjordania, SANA<\/p>\n<p>El ministro palestino Ziad Abu Ein, presidente del Organismo de Resistencia al Muro de Separaci\u00f3n, cay\u00f3 m\u00e1rtir en una agresi\u00f3n f\u00edsica contra el mismo por parte de las fuerzas de ocupaci\u00f3n israel\u00ed.<\/p>\n<p>Abu Ein perdi\u00f3 la vida tras inhalar gases lacrim\u00f3genos durante su participaci\u00f3n en una marcha pac\u00edfica organizada por los vecinos del pueblo de Tarmasaya en protesta por la confiscaci\u00f3n de sus tierras por las autoridades israel\u00edes.<\/p>\n<p>El presidente palestino denunci\u00f3 esta agresi\u00f3n israel\u00ed contra el ministro Abu Ein, calificando la misma de \u201cun inaceptable acto barb\u00e1rico\u201d que requiere una reacci\u00f3n.<\/p>\n<p>Es de se\u00f1alar que el ministro palestino Ziad Abu Ein cay\u00f3 m\u00e1rtir al ser agredido por las fuerzas israel\u00edes, al norte de Ramallaha en Cisjordania.<br \/>\nLynn A., Fady M.<\/p>\n","protected":false},"excerpt":{"rendered":"<p>Cisjordania, SANA El ministro palestino Ziad Abu Ein, presidente del Organismo de Resistencia al Muro de Separaci\u00f3n, cay\u00f3 m\u00e1rtir en una agresi\u00f3n f\u00edsica contra el mismo por parte de las fuerzas de ocupaci\u00f3n israel\u00ed. Abu Ein perdi\u00f3 la vida tras inhalar gases lacrim\u00f3genos durante su participaci\u00f3n en una marcha pac\u00edfica organizada por los vecinos del &hellip;<\/p>\n","protected":false},"author":24,"featured_media":14072,"comment_status":"closed","ping_status":"closed","sticky":false,"template":"","format":"standard","meta":{"footnotes":""},"categories":[597,456,457,576],"tags":[3190],"class_list":["post-14071","post","type-post","status-publish","format-standard","has-post-thumbnail","","category-cinta-de-noticias","category-arabe-internacional-politica","category-noticias-arabe-internacional-politica","category-noticias-politicas","tag-un-ministro-palestino-cae-martir-en-una-agresion-israeli"],"_links":{"self":[{"href":"https:\/\/archive.sana.sy\/es\/index.php?rest_route=\/wp\/v2\/posts\/14071"}],"collection":[{"href":"https:\/\/archive.sana.sy\/es\/index.php?rest_route=\/wp\/v2\/posts"}],"about":[{"href":"https:\/\/archive.sana.sy\/es\/index.php?rest_route=\/wp\/v2\/types\/post"}],"author":[{"embeddable":true,"href":"https:\/\/archive.sana.sy\/es\/index.php?rest_route=\/wp\/v2\/users\/24"}],"replies":[{"embeddable":true,"href":"https:\/\/archive.sana.sy\/es\/index.php?rest_route=%2Fwp%2Fv2%2Fcomments&post=14071"}],"version-history":[{"count":0,"href":"https:\/\/archive.sana.sy\/es\/index.php?rest_route=\/wp\/v2\/posts\/14071\/revisions"}],"wp:featuredmedia":[{"embeddable":true,"href":"https:\/\/archive.sana.sy\/es\/index.php?rest_route=\/wp\/v2\/media\/14072"}],"wp:attachment":[{"href":"https:\/\/archive.sana.sy\/es\/index.php?rest_route=%2Fwp%2Fv2%2Fmedia&parent=14071"}],"wp:term":[{"taxonomy":"category","embeddable":true,"href":"https:\/\/archive.sana.sy\/es\/index.php?rest_route=%2Fwp%2Fv2%2Fcategories&post=14071"},{"taxonomy":"post_tag","embeddable":true,"href":"https:\/\/archive.sana.sy\/es\/index.php?rest_route=%2Fwp%2Fv2%2Ftags&post=14071"}],"curies":[{"name":"wp","href":"https:\/\/api.w.org\/{rel}","templated":true}]}}