{"id":140756,"date":"2020-05-31T10:49:35","date_gmt":"2020-05-31T07:49:35","guid":{"rendered":"http:\/\/sana.sy\/es\/?p=140756"},"modified":"2023-01-12T14:44:13","modified_gmt":"2023-01-12T12:44:13","slug":"fuerzas-egipcias-eliminaron-a-20-terroristas-en-el-norte-de-sinai","status":"publish","type":"post","link":"https:\/\/archive.sana.sy\/es\/?p=140756","title":{"rendered":"Fuerzas egipcias eliminaron a 20 terroristas en el norte de Sina\u00ed"},"content":{"rendered":"<p style=\"text-align: justify;\"><span style=\"color: #800000;\"><strong>El Cairo, SANA<\/strong><\/span><\/p>\n<p>El ej\u00e9rcito egipcio abati\u00f3 a 20 terroristas, entre ellos tres elementos muy peligrosos, en dos operaciones militares en el norte del Sina\u00ed.<\/p>\n<p style=\"text-align: justify;\">En una declaraci\u00f3n, el Comando General de las Fuerzas Armadas de Egipto inform\u00f3 que durante la operaci\u00f3n se incautaron armas y municiones que estaban en posesi\u00f3n de los radicales.<\/p>\n<p style=\"text-align: justify;\">Seg\u00fan la declaraci\u00f3n, dos oficiales, un suboficial y dos soldados murieron y otros resultaron heridos en los operativos.<\/p>\n<p style=\"text-align: justify;\"><strong><span style=\"color: #0000ff;\">W.S\/F.M<\/span><\/strong><\/p>\n","protected":false},"excerpt":{"rendered":"<p>El Cairo, SANA El ej\u00e9rcito egipcio abati\u00f3 a 20 terroristas, entre ellos tres elementos muy peligrosos, en dos operaciones militares en el norte del Sina\u00ed. En una declaraci\u00f3n, el Comando General de las Fuerzas Armadas de Egipto inform\u00f3 que durante la operaci\u00f3n se incautaron armas y municiones que estaban en posesi\u00f3n de los radicales. Seg\u00fan &hellip;<\/p>\n","protected":false},"author":35,"featured_media":140757,"comment_status":"closed","ping_status":"closed","sticky":false,"template":"","format":"standard","meta":{"footnotes":""},"categories":[597,456],"tags":[],"class_list":["post-140756","post","type-post","status-publish","format-standard","has-post-thumbnail","","category-cinta-de-noticias","category-arabe-internacional-politica"],"_links":{"self":[{"href":"https:\/\/archive.sana.sy\/es\/index.php?rest_route=\/wp\/v2\/posts\/140756"}],"collection":[{"href":"https:\/\/archive.sana.sy\/es\/index.php?rest_route=\/wp\/v2\/posts"}],"about":[{"href":"https:\/\/archive.sana.sy\/es\/index.php?rest_route=\/wp\/v2\/types\/post"}],"author":[{"embeddable":true,"href":"https:\/\/archive.sana.sy\/es\/index.php?rest_route=\/wp\/v2\/users\/35"}],"replies":[{"embeddable":true,"href":"https:\/\/archive.sana.sy\/es\/index.php?rest_route=%2Fwp%2Fv2%2Fcomments&post=140756"}],"version-history":[{"count":0,"href":"https:\/\/archive.sana.sy\/es\/index.php?rest_route=\/wp\/v2\/posts\/140756\/revisions"}],"wp:featuredmedia":[{"embeddable":true,"href":"https:\/\/archive.sana.sy\/es\/index.php?rest_route=\/wp\/v2\/media\/140757"}],"wp:attachment":[{"href":"https:\/\/archive.sana.sy\/es\/index.php?rest_route=%2Fwp%2Fv2%2Fmedia&parent=140756"}],"wp:term":[{"taxonomy":"category","embeddable":true,"href":"https:\/\/archive.sana.sy\/es\/index.php?rest_route=%2Fwp%2Fv2%2Fcategories&post=140756"},{"taxonomy":"post_tag","embeddable":true,"href":"https:\/\/archive.sana.sy\/es\/index.php?rest_route=%2Fwp%2Fv2%2Ftags&post=140756"}],"curies":[{"name":"wp","href":"https:\/\/api.w.org\/{rel}","templated":true}]}}