{"id":140762,"date":"2020-05-31T12:11:21","date_gmt":"2020-05-31T09:11:21","guid":{"rendered":"http:\/\/sana.sy\/es\/?p=140762"},"modified":"2023-01-12T14:44:12","modified_gmt":"2023-01-12T12:44:12","slug":"ejercito-libio-derribo-tres-drones-turcos-al-oeste-de-tripoli","status":"publish","type":"post","link":"https:\/\/archive.sana.sy\/es\/?p=140762","title":{"rendered":"Ej\u00e9rcito libio derrib\u00f3 tres drones turcos al oeste de Tr\u00edpoli"},"content":{"rendered":"<p style=\"text-align: justify;\"><strong><span style=\"color: #800000;\">Tr\u00edpoli, SANA<\/span><\/strong><\/p>\n<p style=\"text-align: justify;\">El Ej\u00e9rcito Nacional de Libia derrib\u00f3 tres drones pertenecientes al r\u00e9gimen turco cerca de la ciudad de Bani Walid, al suroeste de la capital libia.<br \/>\n\u201cLas bater\u00edas de defensa antia\u00e9rea derribaron tres aviones turcos no tripulados\u201d, afirm\u00f3 el ej\u00e9rcito en un comunicado de prensa.<br \/>\nLa semana pasada, el portavoz del ej\u00e9rcito libio, el mayor general Ahmed Al-Mesmari, anunci\u00f3 que fueron derribados 13 drones del ej\u00e9rcito turco que sobrevolaron varias zonas de Libia.<br \/>\nLibia sufre desde el 2011 una la agresi\u00f3n por parte de la OTAN lo cual provoc\u00f3 caos e inestabilidad en esta naci\u00f3n.<\/p>\n<p style=\"text-align: justify;\"><strong><span style=\"color: #0000ff;\">W.S\/F.M<\/span><\/strong><\/p>\n","protected":false},"excerpt":{"rendered":"<p>Tr\u00edpoli, SANA El Ej\u00e9rcito Nacional de Libia derrib\u00f3 tres drones pertenecientes al r\u00e9gimen turco cerca de la ciudad de Bani Walid, al suroeste de la capital libia. \u201cLas bater\u00edas de defensa antia\u00e9rea derribaron tres aviones turcos no tripulados\u201d, afirm\u00f3 el ej\u00e9rcito en un comunicado de prensa. La semana pasada, el portavoz del ej\u00e9rcito libio, el &hellip;<\/p>\n","protected":false},"author":35,"featured_media":140763,"comment_status":"closed","ping_status":"closed","sticky":false,"template":"","format":"standard","meta":{"footnotes":""},"categories":[597,456],"tags":[],"class_list":["post-140762","post","type-post","status-publish","format-standard","has-post-thumbnail","","category-cinta-de-noticias","category-arabe-internacional-politica"],"_links":{"self":[{"href":"https:\/\/archive.sana.sy\/es\/index.php?rest_route=\/wp\/v2\/posts\/140762"}],"collection":[{"href":"https:\/\/archive.sana.sy\/es\/index.php?rest_route=\/wp\/v2\/posts"}],"about":[{"href":"https:\/\/archive.sana.sy\/es\/index.php?rest_route=\/wp\/v2\/types\/post"}],"author":[{"embeddable":true,"href":"https:\/\/archive.sana.sy\/es\/index.php?rest_route=\/wp\/v2\/users\/35"}],"replies":[{"embeddable":true,"href":"https:\/\/archive.sana.sy\/es\/index.php?rest_route=%2Fwp%2Fv2%2Fcomments&post=140762"}],"version-history":[{"count":0,"href":"https:\/\/archive.sana.sy\/es\/index.php?rest_route=\/wp\/v2\/posts\/140762\/revisions"}],"wp:featuredmedia":[{"embeddable":true,"href":"https:\/\/archive.sana.sy\/es\/index.php?rest_route=\/wp\/v2\/media\/140763"}],"wp:attachment":[{"href":"https:\/\/archive.sana.sy\/es\/index.php?rest_route=%2Fwp%2Fv2%2Fmedia&parent=140762"}],"wp:term":[{"taxonomy":"category","embeddable":true,"href":"https:\/\/archive.sana.sy\/es\/index.php?rest_route=%2Fwp%2Fv2%2Fcategories&post=140762"},{"taxonomy":"post_tag","embeddable":true,"href":"https:\/\/archive.sana.sy\/es\/index.php?rest_route=%2Fwp%2Fv2%2Ftags&post=140762"}],"curies":[{"name":"wp","href":"https:\/\/api.w.org\/{rel}","templated":true}]}}