{"id":140766,"date":"2020-05-31T12:15:57","date_gmt":"2020-05-31T09:15:57","guid":{"rendered":"http:\/\/sana.sy\/es\/?p=140766"},"modified":"2023-01-10T15:34:36","modified_gmt":"2023-01-10T13:34:36","slug":"titulares-nacionales-e-internacionales-de-la-prensa-siria-29","status":"publish","type":"post","link":"https:\/\/archive.sana.sy\/es\/?p=140766","title":{"rendered":"Titulares nacionales e internacionales de la prensa siria"},"content":{"rendered":"<p style=\"text-align: justify;\"><strong><span style=\"color: #800000;\">Damasco, SANA<\/span><\/strong><\/p>\n<p>Los principales diarios y medios de comunicaci\u00f3n sirios destacaron los siguientes titulares del \u00e1mbito nacional e internacional:<\/p>\n<p style=\"text-align: justify;\">&#8211; Nombra presidente Al-Assad a nuevos gobernadores para cinco provincias de Siria.<\/p>\n<p style=\"text-align: justify;\">&#8211; Siria recibe aviones de combate rusos MiG-29 en su versi\u00f3n avanzada y modernizada.<\/p>\n<p style=\"text-align: justify;\">&#8211; Los incendios afectaron a casi 7000 hect\u00e1reas de sembrados de trigo y cebada en Hasakeh, Siria.<\/p>\n<p style=\"text-align: justify;\">&#8211; Museo Nacional de Damasco, uno de los 10 m\u00e1s importantes del mundo.<br \/>\n&#8211; Siria presta servicios terap\u00e9uticos gratuitos a 2600 pacientes de Esclerosis M\u00faltiple.<\/p>\n<p style=\"text-align: justify;\">&#8211; Las sanciones europeas contra Siria: terrorismo econ\u00f3mico y servilismo a Washington.<\/p>\n<p style=\"text-align: justify;\">&#8211; Yemen denuncia prolongaci\u00f3n de medidas coercitivas impuestas a Siria por la UE.<\/p>\n<p style=\"text-align: justify;\">&#8211; Washington env\u00eda nuevo convoy para reforzar sus bases ilegales en Siria.<\/p>\n<p style=\"text-align: justify;\">&#8211; Turqu\u00eda refuerza su ocupaci\u00f3n con el env\u00edo de m\u00e1s tanques y blindados al territorio sirio.<\/p>\n<p style=\"text-align: justify;\">&#8211; Cinco ni\u00f1os heridos por explosi\u00f3n de una mina remanente de terroristas cerca de Damasco.<\/p>\n<p style=\"text-align: justify;\">&#8211; Fuerzas de ocupaci\u00f3n israel\u00edes asesinan a un palestino con necesidades especiales.<\/p>\n<p style=\"text-align: justify;\">&#8211; Nueva jornada de protestas en EE.UU por el asesinato de un afroamericano a manos de la polic\u00eda.<\/p>\n<p style=\"text-align: justify;\">&#8211; Las fuerzas egipcias eliminan a 19 terroristas y destruyen a sus sedes en el norte del Sina\u00ed.<\/p>\n<p style=\"text-align: justify;\">&#8211; Ej\u00e9rcito de Iraq destruye cuarteles de los terroristas del Daesh e incauta armas y municiones.<\/p>\n<p style=\"text-align: justify;\">&#8211; Medvedev: la salida de Washington de los tratados internacionales tiene graves consecuencias.<\/p>\n<p style=\"text-align: justify;\">&#8211; Canciller iran\u00ed: es hora que el mundo se una contra el racismo.<\/p>\n<p style=\"text-align: justify;\">&#8211; Shamkhani: las amenazas de Estados Unidos contra Ir\u00e1n no tienen sentido.<\/p>\n<p style=\"text-align: justify;\">&#8211; Zasbekin: las violaciones israel\u00edes de la soberan\u00eda del L\u00edbano deben discutirse en el Consejo de Seguridad.<\/p>\n<p style=\"text-align: justify;\">&#8211; Arrestan a 200 personas durante protestas policiales.<\/p>\n<p style=\"text-align: justify;\">&#8211; El ej\u00e9rcito libio derrib\u00f3 tres drones pertenecientes al r\u00e9gimen turco.<\/p>\n<p style=\"text-align: justify;\">&#8211; La Marina de EE.UU. evac\u00faa a partes del personal de un portaaviones debido a casos de Coronavirus.<\/p>\n<p style=\"text-align: justify;\">&#8211; Mosc\u00fa rechaza las acusaciones estadounidenses de falsificar dinero libio.<\/p>\n<p style=\"text-align: justify;\">&#8211; Vuelven a protestar en el L\u00edbano para pedir mejora en las condiciones de vida.<\/p>\n<p style=\"text-align: justify;\">&#8211; Docenas de colonos israel\u00edes asaltan la ciudad de Hebr\u00f3n.<\/p>\n<p style=\"text-align: justify;\">&#8211; Un oficial estadounidense muri\u00f3 y otro result\u00f3 herido por disparos en California.<\/p>\n<p style=\"text-align: justify;\">&#8211; El gobernador de Minnesota anuncia la movilizaci\u00f3n total de la Guardia Nacional del Estado.<\/p>\n<p style=\"text-align: justify;\">&#8211; Las fuerzas a\u00e9reas del agresor saudita lanzan decenas de redadas en varias gobernaciones yemen\u00edes.<\/p>\n<p style=\"text-align: justify;\">&#8211; El Ministerio de Exteriores de Palestina condena los asesinatos sistem\u00e1ticos llevados a cabo por las fuerzas de ocupaci\u00f3n contra el pueblo palestino.<\/p>\n<p style=\"text-align: justify;\">&#8211; Decenas de palestinos resultaron heridos como resultado de la supresi\u00f3n del ocupante a la protesta en Kafer Qaddum.<\/p>\n<p style=\"text-align: justify;\">&#8211; Muere un polic\u00eda turco asesina en un tiroteo en el sureste de Turqu\u00eda.<\/p>\n<p style=\"text-align: justify;\">&#8211; Despu\u00e9s de chocar con Trump, Twitter recibe oferta para transferir su sede de EE.UU.<\/p>\n<p style=\"text-align: justify;\">&#8211; Teher\u00e1n: la administraci\u00f3n estadounidense siempre est\u00e1 tratando de escapar de las atrocidades que causa.<\/p>\n<p style=\"text-align: justify;\"><strong><span style=\"color: #0000ff;\">F.M\/W.S<\/span><\/strong><\/p>\n<p style=\"text-align: justify;\">\n","protected":false},"excerpt":{"rendered":"<p>Damasco, SANA Los principales diarios y medios de comunicaci\u00f3n sirios destacaron los siguientes titulares del \u00e1mbito nacional e internacional: &#8211; Nombra presidente Al-Assad a nuevos gobernadores para cinco provincias de Siria. &#8211; Siria recibe aviones de combate rusos MiG-29 en su versi\u00f3n avanzada y modernizada. &#8211; Los incendios afectaron a casi 7000 hect\u00e1reas de sembrados &hellip;<\/p>\n","protected":false},"author":35,"featured_media":140767,"comment_status":"closed","ping_status":"closed","sticky":false,"template":"","format":"standard","meta":{"footnotes":""},"categories":[447],"tags":[],"class_list":["post-140766","post","type-post","status-publish","format-standard","has-post-thumbnail","","category-local-politica"],"_links":{"self":[{"href":"https:\/\/archive.sana.sy\/es\/index.php?rest_route=\/wp\/v2\/posts\/140766"}],"collection":[{"href":"https:\/\/archive.sana.sy\/es\/index.php?rest_route=\/wp\/v2\/posts"}],"about":[{"href":"https:\/\/archive.sana.sy\/es\/index.php?rest_route=\/wp\/v2\/types\/post"}],"author":[{"embeddable":true,"href":"https:\/\/archive.sana.sy\/es\/index.php?rest_route=\/wp\/v2\/users\/35"}],"replies":[{"embeddable":true,"href":"https:\/\/archive.sana.sy\/es\/index.php?rest_route=%2Fwp%2Fv2%2Fcomments&post=140766"}],"version-history":[{"count":0,"href":"https:\/\/archive.sana.sy\/es\/index.php?rest_route=\/wp\/v2\/posts\/140766\/revisions"}],"wp:featuredmedia":[{"embeddable":true,"href":"https:\/\/archive.sana.sy\/es\/index.php?rest_route=\/wp\/v2\/media\/140767"}],"wp:attachment":[{"href":"https:\/\/archive.sana.sy\/es\/index.php?rest_route=%2Fwp%2Fv2%2Fmedia&parent=140766"}],"wp:term":[{"taxonomy":"category","embeddable":true,"href":"https:\/\/archive.sana.sy\/es\/index.php?rest_route=%2Fwp%2Fv2%2Fcategories&post=140766"},{"taxonomy":"post_tag","embeddable":true,"href":"https:\/\/archive.sana.sy\/es\/index.php?rest_route=%2Fwp%2Fv2%2Ftags&post=140766"}],"curies":[{"name":"wp","href":"https:\/\/api.w.org\/{rel}","templated":true}]}}