{"id":140785,"date":"2020-05-31T13:05:53","date_gmt":"2020-05-31T10:05:53","guid":{"rendered":"http:\/\/sana.sy\/es\/?p=140785"},"modified":"2020-05-31T22:11:11","modified_gmt":"2020-05-31T19:11:11","slug":"defensa-ruso-las-organizaciones-terroristas-atacaron-localidades-seguras-en-idlib-siria","status":"publish","type":"post","link":"https:\/\/archive.sana.sy\/es\/?p=140785","title":{"rendered":"Defensa ruso: las organizaciones terroristas atacaron localidades seguras en Idlib, Siria"},"content":{"rendered":"<p style=\"text-align: justify;\"><strong><span style=\"color: #800000;\">Mosc\u00fa, SANA<\/span><\/strong><\/p>\n<p style=\"text-align: justify;\">El Ministerio de Defensa ruso anunci\u00f3 hoy que monitore\u00f3 ataques perpetrados por las organizaciones terroristas contra varias localidades liberados del terrorismo en la provincia septentrional siria de Idlib.<\/p>\n<p style=\"text-align: justify;\">Seg\u00fan el jefe del Centro de Coordinaci\u00f3n de Rusia, Oleg Goravlov, se detectaron varias acciones de bombardeo desde las posiciones de las organizaciones terroristas contra los poblados de Daher Kabir , Malayah y Maaret Mukhes, liberados del terrorismo y controlados por el ej\u00e9rcito sirio.<\/p>\n<p style=\"text-align: justify;\">Las agrupaciones terroristas afines al Frente Al-Nousra est\u00e1n desplegadas en muchas localidades del campo de Idlib y recibe apoyo expl\u00edcito por el r\u00e9gimen turco.<\/p>\n<p style=\"text-align: justify;\"><strong><span style=\"color: #0000ff;\">W.S\/F.M<\/span><\/strong><\/p>\n","protected":false},"excerpt":{"rendered":"<p>Mosc\u00fa, SANA El Ministerio de Defensa ruso anunci\u00f3 hoy que monitore\u00f3 ataques perpetrados por las organizaciones terroristas contra varias localidades liberados del terrorismo en la provincia septentrional siria de Idlib. Seg\u00fan el jefe del Centro de Coordinaci\u00f3n de Rusia, Oleg Goravlov, se detectaron varias acciones de bombardeo desde las posiciones de las organizaciones terroristas contra &hellip;<\/p>\n","protected":false},"author":35,"featured_media":140786,"comment_status":"closed","ping_status":"closed","sticky":false,"template":"","format":"standard","meta":{"footnotes":""},"categories":[477,597,573,467,7541],"tags":[],"class_list":["post-140785","post","type-post","status-publish","format-standard","has-post-thumbnail","","category-noticias-edulcorantes","category-cinta-de-noticias","category-la-realidad-de-los-acontecimientos-en-siria","category-siria-y-el-mundo","category-ultimas-noticias"],"_links":{"self":[{"href":"https:\/\/archive.sana.sy\/es\/index.php?rest_route=\/wp\/v2\/posts\/140785"}],"collection":[{"href":"https:\/\/archive.sana.sy\/es\/index.php?rest_route=\/wp\/v2\/posts"}],"about":[{"href":"https:\/\/archive.sana.sy\/es\/index.php?rest_route=\/wp\/v2\/types\/post"}],"author":[{"embeddable":true,"href":"https:\/\/archive.sana.sy\/es\/index.php?rest_route=\/wp\/v2\/users\/35"}],"replies":[{"embeddable":true,"href":"https:\/\/archive.sana.sy\/es\/index.php?rest_route=%2Fwp%2Fv2%2Fcomments&post=140785"}],"version-history":[{"count":0,"href":"https:\/\/archive.sana.sy\/es\/index.php?rest_route=\/wp\/v2\/posts\/140785\/revisions"}],"wp:featuredmedia":[{"embeddable":true,"href":"https:\/\/archive.sana.sy\/es\/index.php?rest_route=\/wp\/v2\/media\/140786"}],"wp:attachment":[{"href":"https:\/\/archive.sana.sy\/es\/index.php?rest_route=%2Fwp%2Fv2%2Fmedia&parent=140785"}],"wp:term":[{"taxonomy":"category","embeddable":true,"href":"https:\/\/archive.sana.sy\/es\/index.php?rest_route=%2Fwp%2Fv2%2Fcategories&post=140785"},{"taxonomy":"post_tag","embeddable":true,"href":"https:\/\/archive.sana.sy\/es\/index.php?rest_route=%2Fwp%2Fv2%2Ftags&post=140785"}],"curies":[{"name":"wp","href":"https:\/\/api.w.org\/{rel}","templated":true}]}}