{"id":140788,"date":"2020-05-31T13:41:03","date_gmt":"2020-05-31T10:41:03","guid":{"rendered":"http:\/\/sana.sy\/es\/?p=140788"},"modified":"2020-05-31T15:19:41","modified_gmt":"2020-05-31T12:19:41","slug":"minas-sembradas-por-terroristas-siguen-cobrando-vidas-de-civiles-inocentes-en-siria","status":"publish","type":"post","link":"https:\/\/archive.sana.sy\/es\/?p=140788","title":{"rendered":"Un campesino herido por estallido de mina sembrada por terroristas en su campo de trigo"},"content":{"rendered":"<p style=\"text-align: justify;\"><strong><span style=\"color: #800000;\">Hama, SANA<\/span><\/strong><\/p>\n<p style=\"text-align: justify;\">Un civil result\u00f3 herido en la explosi\u00f3n de una mina dejada por terroristas en la localidad de Kernaz, en el noroeste de la provincia central de Hama.<\/p>\n<p style=\"text-align: justify;\">La mina explot\u00f3 al paso de una cosechadora de trigo en un trigal en la aldea de Kernaz, cerca de la ciudad de Muhrada, lo que caus\u00f3 lesiones a un campesino y da\u00f1os materiales, report\u00f3 el corresponsal de SANA.<\/p>\n<p style=\"text-align: justify;\">El herido fue trasladada al Hospital de Suqaylabiyah para recibir tratamiento.<\/p>\n<p style=\"text-align: justify;\">Antes de su derrota, las organizaciones terroristas procedieron a colocar minas y explosivos en las \u00e1reas bajo su dominio, lo que causa v\u00edctimas entre los civiles que retornan a sus hogares.<\/p>\n<p style=\"text-align: justify;\"><strong><span style=\"color: #0000ff;\">E.D\/ F.M<\/span><\/strong><\/p>\n","protected":false},"excerpt":{"rendered":"<p>Hama, SANA Un civil result\u00f3 herido en la explosi\u00f3n de una mina dejada por terroristas en la localidad de Kernaz, en el noroeste de la provincia central de Hama. La mina explot\u00f3 al paso de una cosechadora de trigo en un trigal en la aldea de Kernaz, cerca de la ciudad de Muhrada, lo que &hellip;<\/p>\n","protected":false},"author":32,"featured_media":140792,"comment_status":"closed","ping_status":"closed","sticky":false,"template":"","format":"standard","meta":{"footnotes":""},"categories":[597,573,7541],"tags":[],"class_list":["post-140788","post","type-post","status-publish","format-standard","has-post-thumbnail","","category-cinta-de-noticias","category-la-realidad-de-los-acontecimientos-en-siria","category-ultimas-noticias"],"_links":{"self":[{"href":"https:\/\/archive.sana.sy\/es\/index.php?rest_route=\/wp\/v2\/posts\/140788"}],"collection":[{"href":"https:\/\/archive.sana.sy\/es\/index.php?rest_route=\/wp\/v2\/posts"}],"about":[{"href":"https:\/\/archive.sana.sy\/es\/index.php?rest_route=\/wp\/v2\/types\/post"}],"author":[{"embeddable":true,"href":"https:\/\/archive.sana.sy\/es\/index.php?rest_route=\/wp\/v2\/users\/32"}],"replies":[{"embeddable":true,"href":"https:\/\/archive.sana.sy\/es\/index.php?rest_route=%2Fwp%2Fv2%2Fcomments&post=140788"}],"version-history":[{"count":0,"href":"https:\/\/archive.sana.sy\/es\/index.php?rest_route=\/wp\/v2\/posts\/140788\/revisions"}],"wp:featuredmedia":[{"embeddable":true,"href":"https:\/\/archive.sana.sy\/es\/index.php?rest_route=\/wp\/v2\/media\/140792"}],"wp:attachment":[{"href":"https:\/\/archive.sana.sy\/es\/index.php?rest_route=%2Fwp%2Fv2%2Fmedia&parent=140788"}],"wp:term":[{"taxonomy":"category","embeddable":true,"href":"https:\/\/archive.sana.sy\/es\/index.php?rest_route=%2Fwp%2Fv2%2Fcategories&post=140788"},{"taxonomy":"post_tag","embeddable":true,"href":"https:\/\/archive.sana.sy\/es\/index.php?rest_route=%2Fwp%2Fv2%2Ftags&post=140788"}],"curies":[{"name":"wp","href":"https:\/\/api.w.org\/{rel}","templated":true}]}}