{"id":140832,"date":"2020-05-31T13:07:05","date_gmt":"2020-05-31T10:07:05","guid":{"rendered":"http:\/\/sana.sy\/es\/?p=140832"},"modified":"2020-05-31T21:13:02","modified_gmt":"2020-05-31T18:13:02","slug":"mercenarios-prenden-casas-de-residentes-en-hasakeh","status":"publish","type":"post","link":"https:\/\/archive.sana.sy\/es\/?p=140832","title":{"rendered":"Mercenarios proturcos queman las casas de los sirios en dos poblados de Hasakeh"},"content":{"rendered":"<p style=\"text-align: justify;\"><strong><span style=\"color: #800000;\">Hasakeh, SANA<\/span><\/strong><\/p>\n<p style=\"text-align: justify;\">Los mercenarios terroristas apoyados por el r\u00e9gimen turco prendieron fuego en las casas de los civiles en los poblados de Qasimieh y Rihanieh, ambos ubicados en la provincia de Hasakeh.<\/p>\n<p style=\"text-align: justify;\">Seg\u00fan fuentes locales, este acto criminal se comete pocos d\u00edas despu\u00e9s de haber provocado incendios en los terrenos agr\u00edcolas a fin de quemar los cultivos.<\/p>\n<p style=\"text-align: justify;\">Dichas acciones que practican el r\u00e9gimen turco y sus mercenarios terroristas representa un peligro para los residentes, pues aumenta la tasa de pobreza y hambruna entre la poblaci\u00f3n civil.<\/p>\n<p style=\"text-align: justify;\"><span style=\"color: #0000ff;\"><strong>Y.K.\/ F. M.\/ A. H.<\/strong><\/span><\/p>\n","protected":false},"excerpt":{"rendered":"<p>Hasakeh, SANA Los mercenarios terroristas apoyados por el r\u00e9gimen turco prendieron fuego en las casas de los civiles en los poblados de Qasimieh y Rihanieh, ambos ubicados en la provincia de Hasakeh. Seg\u00fan fuentes locales, este acto criminal se comete pocos d\u00edas despu\u00e9s de haber provocado incendios en los terrenos agr\u00edcolas a fin de quemar &hellip;<\/p>\n","protected":false},"author":1,"featured_media":140844,"comment_status":"closed","ping_status":"closed","sticky":false,"template":"","format":"standard","meta":{"footnotes":""},"categories":[597,573,7541],"tags":[17840],"class_list":["post-140832","post","type-post","status-publish","format-standard","has-post-thumbnail","","category-cinta-de-noticias","category-la-realidad-de-los-acontecimientos-en-siria","category-ultimas-noticias","tag-mercenarios-proturcos-queman-las-casas-de-los-sirios-en-dos-poblados-de-hasakeh"],"_links":{"self":[{"href":"https:\/\/archive.sana.sy\/es\/index.php?rest_route=\/wp\/v2\/posts\/140832"}],"collection":[{"href":"https:\/\/archive.sana.sy\/es\/index.php?rest_route=\/wp\/v2\/posts"}],"about":[{"href":"https:\/\/archive.sana.sy\/es\/index.php?rest_route=\/wp\/v2\/types\/post"}],"author":[{"embeddable":true,"href":"https:\/\/archive.sana.sy\/es\/index.php?rest_route=\/wp\/v2\/users\/1"}],"replies":[{"embeddable":true,"href":"https:\/\/archive.sana.sy\/es\/index.php?rest_route=%2Fwp%2Fv2%2Fcomments&post=140832"}],"version-history":[{"count":0,"href":"https:\/\/archive.sana.sy\/es\/index.php?rest_route=\/wp\/v2\/posts\/140832\/revisions"}],"wp:featuredmedia":[{"embeddable":true,"href":"https:\/\/archive.sana.sy\/es\/index.php?rest_route=\/wp\/v2\/media\/140844"}],"wp:attachment":[{"href":"https:\/\/archive.sana.sy\/es\/index.php?rest_route=%2Fwp%2Fv2%2Fmedia&parent=140832"}],"wp:term":[{"taxonomy":"category","embeddable":true,"href":"https:\/\/archive.sana.sy\/es\/index.php?rest_route=%2Fwp%2Fv2%2Fcategories&post=140832"},{"taxonomy":"post_tag","embeddable":true,"href":"https:\/\/archive.sana.sy\/es\/index.php?rest_route=%2Fwp%2Fv2%2Ftags&post=140832"}],"curies":[{"name":"wp","href":"https:\/\/api.w.org\/{rel}","templated":true}]}}