{"id":140838,"date":"2020-05-31T20:57:17","date_gmt":"2020-05-31T17:57:17","guid":{"rendered":"http:\/\/sana.sy\/es\/?p=140838"},"modified":"2023-01-12T14:44:12","modified_gmt":"2023-01-12T12:44:12","slug":"colonos-israelies-irrumpen-en-mezquita-al-aqsa","status":"publish","type":"post","link":"https:\/\/archive.sana.sy\/es\/?p=140838","title":{"rendered":"Colonos israel\u00edes irrumpen en mezquita Al-Aqsa"},"content":{"rendered":"<p>Jerusal\u00e9n Ocupada, SANA<\/p>\n<p>Centenares de colonos israel\u00edes irrumpieron, bajo la protecci\u00f3n de las fuerzas de ocupaci\u00f3n, en la mezquita Al-Aqsa.<\/p>\n<p>Seg\u00fan la agencia Wafa, 233 colonos bajo la protecci\u00f3n de las fuerzas de ocupaci\u00f3n, invadieron la Mezquita Al-Aqsa desde la puerta de Magaribeh.<\/p>\n<p>Agreg\u00f3 que los colonos realizaron recorridos provocativos en la explanada de la mezquita.<\/p>\n<p>Se\u00f1al\u00f3 que las fuerzas de ocupaci\u00f3n detuvieron a tres palestinos, de ellas dos mujeres, que estaban en los patios de la mezquita.<\/p>\n<p>En la madrugada de hoy, miles de fieles realizaron la oraci\u00f3n de Fajr en la Mezquita de Al-Aqsa tras 70 d\u00edas de cierre como parte de las medidas de precauci\u00f3n tomada por el Awqaf palestino contra COVID-19.<\/p>\n<p>Y.K.<\/p>\n","protected":false},"excerpt":{"rendered":"<p>Jerusal\u00e9n Ocupada, SANA Centenares de colonos israel\u00edes irrumpieron, bajo la protecci\u00f3n de las fuerzas de ocupaci\u00f3n, en la mezquita Al-Aqsa. Seg\u00fan la agencia Wafa, 233 colonos bajo la protecci\u00f3n de las fuerzas de ocupaci\u00f3n, invadieron la Mezquita Al-Aqsa desde la puerta de Magaribeh. Agreg\u00f3 que los colonos realizaron recorridos provocativos en la explanada de la &hellip;<\/p>\n","protected":false},"author":1,"featured_media":140839,"comment_status":"closed","ping_status":"closed","sticky":false,"template":"","format":"standard","meta":{"footnotes":""},"categories":[456],"tags":[],"class_list":["post-140838","post","type-post","status-publish","format-standard","has-post-thumbnail","","category-arabe-internacional-politica"],"_links":{"self":[{"href":"https:\/\/archive.sana.sy\/es\/index.php?rest_route=\/wp\/v2\/posts\/140838"}],"collection":[{"href":"https:\/\/archive.sana.sy\/es\/index.php?rest_route=\/wp\/v2\/posts"}],"about":[{"href":"https:\/\/archive.sana.sy\/es\/index.php?rest_route=\/wp\/v2\/types\/post"}],"author":[{"embeddable":true,"href":"https:\/\/archive.sana.sy\/es\/index.php?rest_route=\/wp\/v2\/users\/1"}],"replies":[{"embeddable":true,"href":"https:\/\/archive.sana.sy\/es\/index.php?rest_route=%2Fwp%2Fv2%2Fcomments&post=140838"}],"version-history":[{"count":0,"href":"https:\/\/archive.sana.sy\/es\/index.php?rest_route=\/wp\/v2\/posts\/140838\/revisions"}],"wp:featuredmedia":[{"embeddable":true,"href":"https:\/\/archive.sana.sy\/es\/index.php?rest_route=\/wp\/v2\/media\/140839"}],"wp:attachment":[{"href":"https:\/\/archive.sana.sy\/es\/index.php?rest_route=%2Fwp%2Fv2%2Fmedia&parent=140838"}],"wp:term":[{"taxonomy":"category","embeddable":true,"href":"https:\/\/archive.sana.sy\/es\/index.php?rest_route=%2Fwp%2Fv2%2Fcategories&post=140838"},{"taxonomy":"post_tag","embeddable":true,"href":"https:\/\/archive.sana.sy\/es\/index.php?rest_route=%2Fwp%2Fv2%2Ftags&post=140838"}],"curies":[{"name":"wp","href":"https:\/\/api.w.org\/{rel}","templated":true}]}}