{"id":140949,"date":"2020-06-01T15:37:44","date_gmt":"2020-06-01T12:37:44","guid":{"rendered":"http:\/\/sana.sy\/es\/?p=140949"},"modified":"2020-06-01T15:37:44","modified_gmt":"2020-06-01T12:37:44","slug":"movimiento-de-la-nacion-las-sanciones-economicas-occidentales-contra-siria-son-una-agresion-colonialista","status":"publish","type":"post","link":"https:\/\/archive.sana.sy\/es\/?p=140949","title":{"rendered":"Movimiento de la Naci\u00f3n: las sanciones econ\u00f3micas occidentales contra siria son una agresi\u00f3n colonialista"},"content":{"rendered":"<p style=\"text-align: justify;\"><strong><span style=\"color: #800000;\">Beirut, SANA<\/span><\/strong><\/p>\n<p style=\"text-align: justify;\">El Movimiento de la Naci\u00f3n en el L\u00edbano confirm\u00f3 que las sanciones econ\u00f3micas impuestas al pueblo sirio son una agresi\u00f3n colonial b\u00e1rbara y un intento absurdo de disuadir a Siria de sus posturas nacionales y su constantes pan\u00e1rabes.<\/p>\n<p style=\"text-align: justify;\">En una declaraci\u00f3n el movimiento se\u00f1al\u00f3 que Siria, enfrentando la guerra terrorista m\u00e1s terrible, logr\u00f3 con sus aliados frustrar los planes de los enemigos colonialistas y cristalizar un frente internacional contra ellos.<\/p>\n<p style=\"text-align: justify;\">El movimiento llam\u00f3 a fortalecer el apoyo a Siria e Irak para que puedan enfrentar y expulsar a las fuerzas de ocupaci\u00f3n estadounidenses.<\/p>\n<p style=\"text-align: justify;\"><strong><span style=\"color: #0000ff;\">E.D\/ R.Sh<\/span><\/strong><\/p>\n","protected":false},"excerpt":{"rendered":"<p>Beirut, SANA El Movimiento de la Naci\u00f3n en el L\u00edbano confirm\u00f3 que las sanciones econ\u00f3micas impuestas al pueblo sirio son una agresi\u00f3n colonial b\u00e1rbara y un intento absurdo de disuadir a Siria de sus posturas nacionales y su constantes pan\u00e1rabes. En una declaraci\u00f3n el movimiento se\u00f1al\u00f3 que Siria, enfrentando la guerra terrorista m\u00e1s terrible, logr\u00f3 &hellip;<\/p>\n","protected":false},"author":32,"featured_media":140950,"comment_status":"closed","ping_status":"closed","sticky":false,"template":"","format":"standard","meta":{"footnotes":""},"categories":[597,467],"tags":[],"class_list":["post-140949","post","type-post","status-publish","format-standard","has-post-thumbnail","","category-cinta-de-noticias","category-siria-y-el-mundo"],"_links":{"self":[{"href":"https:\/\/archive.sana.sy\/es\/index.php?rest_route=\/wp\/v2\/posts\/140949"}],"collection":[{"href":"https:\/\/archive.sana.sy\/es\/index.php?rest_route=\/wp\/v2\/posts"}],"about":[{"href":"https:\/\/archive.sana.sy\/es\/index.php?rest_route=\/wp\/v2\/types\/post"}],"author":[{"embeddable":true,"href":"https:\/\/archive.sana.sy\/es\/index.php?rest_route=\/wp\/v2\/users\/32"}],"replies":[{"embeddable":true,"href":"https:\/\/archive.sana.sy\/es\/index.php?rest_route=%2Fwp%2Fv2%2Fcomments&post=140949"}],"version-history":[{"count":0,"href":"https:\/\/archive.sana.sy\/es\/index.php?rest_route=\/wp\/v2\/posts\/140949\/revisions"}],"wp:featuredmedia":[{"embeddable":true,"href":"https:\/\/archive.sana.sy\/es\/index.php?rest_route=\/wp\/v2\/media\/140950"}],"wp:attachment":[{"href":"https:\/\/archive.sana.sy\/es\/index.php?rest_route=%2Fwp%2Fv2%2Fmedia&parent=140949"}],"wp:term":[{"taxonomy":"category","embeddable":true,"href":"https:\/\/archive.sana.sy\/es\/index.php?rest_route=%2Fwp%2Fv2%2Fcategories&post=140949"},{"taxonomy":"post_tag","embeddable":true,"href":"https:\/\/archive.sana.sy\/es\/index.php?rest_route=%2Fwp%2Fv2%2Ftags&post=140949"}],"curies":[{"name":"wp","href":"https:\/\/api.w.org\/{rel}","templated":true}]}}