{"id":141009,"date":"2020-06-01T22:54:31","date_gmt":"2020-06-01T19:54:31","guid":{"rendered":"http:\/\/sana.sy\/es\/?p=141009"},"modified":"2020-06-01T22:54:31","modified_gmt":"2020-06-01T19:54:31","slug":"lavrov-y-guterres-examinan-la-crisis-en-siria","status":"publish","type":"post","link":"https:\/\/archive.sana.sy\/es\/?p=141009","title":{"rendered":"Lavrov y Guterres examinan la crisis en Siria"},"content":{"rendered":"<p><span style=\"color: #800000;\">Mosc\u00fa, SANA <\/span><\/p>\n<p style=\"text-align: justify;\">El ministro de Asuntos Exteriores de Rusia, Sergei Lavrov, y el secretario general de las Naciones Unidas, Antonio Guterres, afirmaron la necesidad de realizar un proceso pol\u00edtico liderado por el pueblo sirio para solucionar la crisis en Siria, de acuerdo con la Resoluci\u00f3n 2.254 del Consejo de Seguridad de las Naciones Unidas.<\/p>\n<p style=\"text-align: justify;\">Seg\u00fan cit\u00f3 la cadena RT al Ministerio de Asuntos Exteriores de Rusia este lunes, Lavrov y Guterres abordaron en una llamada telef\u00f3nica la situaci\u00f3n en Siria e hicieron hincapi\u00e9 en la necesidad de garantizar la seguridad y la estabilidad all\u00ed, as\u00ed como preservar su integridad territorial, soberan\u00eda e independencia.<\/p>\n<p style=\"text-align: justify;\">Se\u00f1alaron la amenaza terrorista en Siria en el contexto de la pandemia del nuevo coronavirus.<\/p>\n<p style=\"text-align: justify;\">Los dos altos funcionarios examinaron detalladamente la activaci\u00f3n de la ayuda humanitaria para todos los sirios sin discriminaci\u00f3n alguna, ni politizaci\u00f3n ni condiciones previas, especialmente a la luz del llamamiento de Guterres para que se ponga fin a las sanciones coercitivas econ\u00f3micas unilaterales que repercuten negativamente en la situaci\u00f3n, se\u00f1al\u00f3 la Canciller\u00eda rusa.<\/p>\n<p><span style=\"color: #0000ff;\">RR\/ RSH<\/span><\/p>\n","protected":false},"excerpt":{"rendered":"<p>Mosc\u00fa, SANA El ministro de Asuntos Exteriores de Rusia, Sergei Lavrov, y el secretario general de las Naciones Unidas, Antonio Guterres, afirmaron la necesidad de realizar un proceso pol\u00edtico liderado por el pueblo sirio para solucionar la crisis en Siria, de acuerdo con la Resoluci\u00f3n 2.254 del Consejo de Seguridad de las Naciones Unidas. Seg\u00fan &hellip;<\/p>\n","protected":false},"author":31,"featured_media":141011,"comment_status":"closed","ping_status":"closed","sticky":false,"template":"","format":"standard","meta":{"footnotes":""},"categories":[597,467],"tags":[],"class_list":["post-141009","post","type-post","status-publish","format-standard","has-post-thumbnail","","category-cinta-de-noticias","category-siria-y-el-mundo"],"_links":{"self":[{"href":"https:\/\/archive.sana.sy\/es\/index.php?rest_route=\/wp\/v2\/posts\/141009"}],"collection":[{"href":"https:\/\/archive.sana.sy\/es\/index.php?rest_route=\/wp\/v2\/posts"}],"about":[{"href":"https:\/\/archive.sana.sy\/es\/index.php?rest_route=\/wp\/v2\/types\/post"}],"author":[{"embeddable":true,"href":"https:\/\/archive.sana.sy\/es\/index.php?rest_route=\/wp\/v2\/users\/31"}],"replies":[{"embeddable":true,"href":"https:\/\/archive.sana.sy\/es\/index.php?rest_route=%2Fwp%2Fv2%2Fcomments&post=141009"}],"version-history":[{"count":0,"href":"https:\/\/archive.sana.sy\/es\/index.php?rest_route=\/wp\/v2\/posts\/141009\/revisions"}],"wp:featuredmedia":[{"embeddable":true,"href":"https:\/\/archive.sana.sy\/es\/index.php?rest_route=\/wp\/v2\/media\/141011"}],"wp:attachment":[{"href":"https:\/\/archive.sana.sy\/es\/index.php?rest_route=%2Fwp%2Fv2%2Fmedia&parent=141009"}],"wp:term":[{"taxonomy":"category","embeddable":true,"href":"https:\/\/archive.sana.sy\/es\/index.php?rest_route=%2Fwp%2Fv2%2Fcategories&post=141009"},{"taxonomy":"post_tag","embeddable":true,"href":"https:\/\/archive.sana.sy\/es\/index.php?rest_route=%2Fwp%2Fv2%2Ftags&post=141009"}],"curies":[{"name":"wp","href":"https:\/\/api.w.org\/{rel}","templated":true}]}}