{"id":141028,"date":"2020-06-02T09:29:30","date_gmt":"2020-06-02T06:29:30","guid":{"rendered":"http:\/\/sana.sy\/es\/?p=141028"},"modified":"2023-01-10T15:34:36","modified_gmt":"2023-01-10T13:34:36","slug":"siria-en-sintesis-02-de-junio-2020","status":"publish","type":"post","link":"https:\/\/archive.sana.sy\/es\/?p=141028","title":{"rendered":"Siria en S\u00edntesis, 02 de Junio 2020"},"content":{"rendered":"<p style=\"text-align: justify;\"><strong><span style=\"color: #800000;\">Damasco, SANA<\/span><\/strong><\/p>\n<p style=\"text-align: justify;\">???? Ante el presidente al-Assad: Barsek, Kreshati, Sherbek y Khalil prestan juramento como nuevos gobernadores.<\/p>\n<p style=\"text-align: justify;\">???? EE.UU. y Turqu\u00eda vac\u00edan la canasta alimentaria del pueblo sirio.<\/p>\n<p style=\"text-align: justify;\">???? Ministerio de Salud denuncia pr\u00f3rroga de las sanciones coercitivas aplicadas por UE a Siria.<\/p>\n<p style=\"text-align: justify;\">???? Ministerio de Salud reporta un nuevo caso de nuevo Coronavirus.<\/p>\n<p style=\"text-align: justify;\">???? Decenas de familias desplazadas retornan a sus hogares en la liberada Khan Shaikhun, Idlib.<\/p>\n<p style=\"text-align: justify;\">???? Incautan m\u00e1s de medio mill\u00f3n de balas y diferentes tipos de armas en sedes terroristas en el sur del pa\u00eds.<\/p>\n<p style=\"text-align: justify;\">???? Campesinos sirios cosecharon m\u00e1s de 11 mil toneladas de trigo en lo que va de actual zafra.<\/p>\n<p style=\"text-align: justify;\">???? Khan Asaad Pasha.. una bella edificaci\u00f3n en el seno de la antigua Damasco.<\/p>\n<p style=\"text-align: justify;\">???? Atentado con coche bomba en la localidad de Efrin deja varios heridos entre los civiles.<\/p>\n<p style=\"text-align: justify;\">???? Lavrov y Guterres examinan la crisis en Siria.<\/p>\n<p style=\"text-align: justify;\">???? Movimiento de la Naci\u00f3n: las sanciones econ\u00f3micas occidentales contra siria son una agresi\u00f3n colonialista.<\/p>\n<p style=\"text-align: justify;\">???? Fuerzas de ocupaci\u00f3n israel\u00edes arrestan a 18 palestinos en Cisjordania.<\/p>\n<p style=\"text-align: justify;\">\n","protected":false},"excerpt":{"rendered":"<p>Damasco, SANA ???? Ante el presidente al-Assad: Barsek, Kreshati, Sherbek y Khalil prestan juramento como nuevos gobernadores. ???? EE.UU. y Turqu\u00eda vac\u00edan la canasta alimentaria del pueblo sirio. ???? Ministerio de Salud denuncia pr\u00f3rroga de las sanciones coercitivas aplicadas por UE a Siria. ???? Ministerio de Salud reporta un nuevo caso de nuevo Coronavirus. ???? &hellip;<\/p>\n","protected":false},"author":32,"featured_media":141030,"comment_status":"closed","ping_status":"closed","sticky":false,"template":"","format":"standard","meta":{"footnotes":""},"categories":[447,555,597],"tags":[],"class_list":["post-141028","post","type-post","status-publish","format-standard","has-post-thumbnail","","category-local-politica","category-prensa","category-cinta-de-noticias"],"_links":{"self":[{"href":"https:\/\/archive.sana.sy\/es\/index.php?rest_route=\/wp\/v2\/posts\/141028"}],"collection":[{"href":"https:\/\/archive.sana.sy\/es\/index.php?rest_route=\/wp\/v2\/posts"}],"about":[{"href":"https:\/\/archive.sana.sy\/es\/index.php?rest_route=\/wp\/v2\/types\/post"}],"author":[{"embeddable":true,"href":"https:\/\/archive.sana.sy\/es\/index.php?rest_route=\/wp\/v2\/users\/32"}],"replies":[{"embeddable":true,"href":"https:\/\/archive.sana.sy\/es\/index.php?rest_route=%2Fwp%2Fv2%2Fcomments&post=141028"}],"version-history":[{"count":0,"href":"https:\/\/archive.sana.sy\/es\/index.php?rest_route=\/wp\/v2\/posts\/141028\/revisions"}],"wp:featuredmedia":[{"embeddable":true,"href":"https:\/\/archive.sana.sy\/es\/index.php?rest_route=\/wp\/v2\/media\/141030"}],"wp:attachment":[{"href":"https:\/\/archive.sana.sy\/es\/index.php?rest_route=%2Fwp%2Fv2%2Fmedia&parent=141028"}],"wp:term":[{"taxonomy":"category","embeddable":true,"href":"https:\/\/archive.sana.sy\/es\/index.php?rest_route=%2Fwp%2Fv2%2Fcategories&post=141028"},{"taxonomy":"post_tag","embeddable":true,"href":"https:\/\/archive.sana.sy\/es\/index.php?rest_route=%2Fwp%2Fv2%2Ftags&post=141028"}],"curies":[{"name":"wp","href":"https:\/\/api.w.org\/{rel}","templated":true}]}}