{"id":141046,"date":"2020-06-02T11:02:08","date_gmt":"2020-06-02T08:02:08","guid":{"rendered":"http:\/\/sana.sy\/es\/?p=141046"},"modified":"2023-01-12T14:44:12","modified_gmt":"2023-01-12T12:44:12","slug":"fuerzas-de-ocupacion-israelies-arrestan-a-10-palestinos-en-cisjordania","status":"publish","type":"post","link":"https:\/\/archive.sana.sy\/es\/?p=141046","title":{"rendered":"Fuerzas de ocupaci\u00f3n israel\u00edes arrestan a 10 palestinos en Cisjordania"},"content":{"rendered":"<p style=\"text-align: justify;\"><strong><span style=\"color: #800000;\">Jerusal\u00e9n ocupada, SANA<\/span><\/strong><\/p>\n<p style=\"text-align: justify;\">las fuerzas de ocupaci\u00f3n israel\u00edes arrestaron a 10 palestinos \u00a0en diferentes partes de Cisjordania.<\/p>\n<p style=\"text-align: justify;\">Las tropas sionistas asaltaron las ciudades de Jenin, Nablus y Ramallah, y detuvieron a diez palestinos, inform\u00f3 la agencia de noticias Ma\u2019an<\/p>\n<p style=\"text-align: justify;\">En la v\u00edspera , las fuerzas de ocupaci\u00f3n israel\u00edes arrestaron a 18 palestinos en Cisjordania (Ribera Occidental).<\/p>\n<p style=\"text-align: justify;\"><strong><span style=\"color: #0000ff;\">E.D\/ R.Sh<\/span><\/strong><\/p>\n","protected":false},"excerpt":{"rendered":"<p>Jerusal\u00e9n ocupada, SANA las fuerzas de ocupaci\u00f3n israel\u00edes arrestaron a 10 palestinos \u00a0en diferentes partes de Cisjordania. Las tropas sionistas asaltaron las ciudades de Jenin, Nablus y Ramallah, y detuvieron a diez palestinos, inform\u00f3 la agencia de noticias Ma\u2019an En la v\u00edspera , las fuerzas de ocupaci\u00f3n israel\u00edes arrestaron a 18 palestinos en Cisjordania (Ribera &hellip;<\/p>\n","protected":false},"author":32,"featured_media":141047,"comment_status":"closed","ping_status":"closed","sticky":false,"template":"","format":"standard","meta":{"footnotes":""},"categories":[597,456,7541],"tags":[],"class_list":["post-141046","post","type-post","status-publish","format-standard","has-post-thumbnail","","category-cinta-de-noticias","category-arabe-internacional-politica","category-ultimas-noticias"],"_links":{"self":[{"href":"https:\/\/archive.sana.sy\/es\/index.php?rest_route=\/wp\/v2\/posts\/141046"}],"collection":[{"href":"https:\/\/archive.sana.sy\/es\/index.php?rest_route=\/wp\/v2\/posts"}],"about":[{"href":"https:\/\/archive.sana.sy\/es\/index.php?rest_route=\/wp\/v2\/types\/post"}],"author":[{"embeddable":true,"href":"https:\/\/archive.sana.sy\/es\/index.php?rest_route=\/wp\/v2\/users\/32"}],"replies":[{"embeddable":true,"href":"https:\/\/archive.sana.sy\/es\/index.php?rest_route=%2Fwp%2Fv2%2Fcomments&post=141046"}],"version-history":[{"count":0,"href":"https:\/\/archive.sana.sy\/es\/index.php?rest_route=\/wp\/v2\/posts\/141046\/revisions"}],"wp:featuredmedia":[{"embeddable":true,"href":"https:\/\/archive.sana.sy\/es\/index.php?rest_route=\/wp\/v2\/media\/141047"}],"wp:attachment":[{"href":"https:\/\/archive.sana.sy\/es\/index.php?rest_route=%2Fwp%2Fv2%2Fmedia&parent=141046"}],"wp:term":[{"taxonomy":"category","embeddable":true,"href":"https:\/\/archive.sana.sy\/es\/index.php?rest_route=%2Fwp%2Fv2%2Fcategories&post=141046"},{"taxonomy":"post_tag","embeddable":true,"href":"https:\/\/archive.sana.sy\/es\/index.php?rest_route=%2Fwp%2Fv2%2Ftags&post=141046"}],"curies":[{"name":"wp","href":"https:\/\/api.w.org\/{rel}","templated":true}]}}