{"id":141059,"date":"2020-06-02T12:33:17","date_gmt":"2020-06-02T09:33:17","guid":{"rendered":"http:\/\/sana.sy\/es\/?p=141059"},"modified":"2020-06-03T09:47:38","modified_gmt":"2020-06-03T06:47:38","slug":"enfrentamientos-entre-mercenarios-de-la-ocupacion-turca-en-hassakah","status":"publish","type":"post","link":"https:\/\/archive.sana.sy\/es\/?p=141059","title":{"rendered":"Turqu\u00eda roba el trigo de los sirios mientras contin\u00faan las pugnas entre sus mercenarios en Hasakeh"},"content":{"rendered":"<p><strong><span style=\"color: #800000;\">Hasakah, SANA<\/span><\/strong><\/p>\n<p>Se reanudaron los choques entre las facciones de mercenarios de la ocupaci\u00f3n turca en el municipio de Abu Raeen en el oeste de la provincia de Hassakeh, provocando ello bajas mortales y heridos entre los bandos en pugna.<\/p>\n<p>Fuentes locales indicaron a SANA que \u201cenfrentamientos estallaron entre las agrupaciones rivales \u201cSultan Murad\u201d, \u201cHamzat\u201d y \u201cSharquiya\u201d apoyadas por el r\u00e9gimen turco en el eje Bab Kheir y Um Ushba (municipio de Abu Raseen) a ra\u00edz de rencillas motivadas por la apropiaci\u00f3n de las cosechas de los desplazados.<\/p>\n<p>Los mercenarios de la ocupaci\u00f3n turca se adue\u00f1an de las tierras de cultivo y cosechan los sembrados de los campesinos lugare\u00f1os expulsados a mano armada.<\/p>\n<p>Mientras tanto, las tropas de la ocupaci\u00f3n turca contin\u00faan rob\u00e1ndose la zafra de trigo en los poblados ocupados, as\u00ed como se apoderan de casas ajenas e imponen impuestos a los due\u00f1os de tierras agr\u00edcolas que rozan el 15% de las mieses.<\/p>\n<p><strong><span style=\"color: #0000ff;\">R.Sh\/ E.D<\/span><\/strong><\/p>\n","protected":false},"excerpt":{"rendered":"<p>Hasakah, SANA Se reanudaron los choques entre las facciones de mercenarios de la ocupaci\u00f3n turca en el municipio de Abu Raeen en el oeste de la provincia de Hassakeh, provocando ello bajas mortales y heridos entre los bandos en pugna. Fuentes locales indicaron a SANA que \u201cenfrentamientos estallaron entre las agrupaciones rivales \u201cSultan Murad\u201d, \u201cHamzat\u201d &hellip;<\/p>\n","protected":false},"author":32,"featured_media":140134,"comment_status":"closed","ping_status":"closed","sticky":false,"template":"","format":"standard","meta":{"footnotes":""},"categories":[477,597,476,7541],"tags":[],"class_list":["post-141059","post","type-post","status-publish","format-standard","has-post-thumbnail","","category-noticias-edulcorantes","category-cinta-de-noticias","category-locales","category-ultimas-noticias"],"_links":{"self":[{"href":"https:\/\/archive.sana.sy\/es\/index.php?rest_route=\/wp\/v2\/posts\/141059"}],"collection":[{"href":"https:\/\/archive.sana.sy\/es\/index.php?rest_route=\/wp\/v2\/posts"}],"about":[{"href":"https:\/\/archive.sana.sy\/es\/index.php?rest_route=\/wp\/v2\/types\/post"}],"author":[{"embeddable":true,"href":"https:\/\/archive.sana.sy\/es\/index.php?rest_route=\/wp\/v2\/users\/32"}],"replies":[{"embeddable":true,"href":"https:\/\/archive.sana.sy\/es\/index.php?rest_route=%2Fwp%2Fv2%2Fcomments&post=141059"}],"version-history":[{"count":0,"href":"https:\/\/archive.sana.sy\/es\/index.php?rest_route=\/wp\/v2\/posts\/141059\/revisions"}],"wp:featuredmedia":[{"embeddable":true,"href":"https:\/\/archive.sana.sy\/es\/index.php?rest_route=\/wp\/v2\/media\/140134"}],"wp:attachment":[{"href":"https:\/\/archive.sana.sy\/es\/index.php?rest_route=%2Fwp%2Fv2%2Fmedia&parent=141059"}],"wp:term":[{"taxonomy":"category","embeddable":true,"href":"https:\/\/archive.sana.sy\/es\/index.php?rest_route=%2Fwp%2Fv2%2Fcategories&post=141059"},{"taxonomy":"post_tag","embeddable":true,"href":"https:\/\/archive.sana.sy\/es\/index.php?rest_route=%2Fwp%2Fv2%2Ftags&post=141059"}],"curies":[{"name":"wp","href":"https:\/\/api.w.org\/{rel}","templated":true}]}}