{"id":141085,"date":"2020-06-02T15:54:43","date_gmt":"2020-06-02T12:54:43","guid":{"rendered":"http:\/\/sana.sy\/es\/?p=141085"},"modified":"2020-06-02T15:54:43","modified_gmt":"2020-06-02T12:54:43","slug":"ministerio-de-salud-una-nueva-defuncion-entre-los-casos-registrados-de-coronavirus-el-fallecido-padecia-asma-y-se-habia-operado-del-corazon-anteriormente-con-lo-cual-ascienden-a-6-los-muertos-por-c","status":"publish","type":"post","link":"https:\/\/archive.sana.sy\/es\/?p=141085","title":{"rendered":"Ministerio de Salud: una nueva defunci\u00f3n entre los casos registrados de coronavirus. el fallecido padec\u00eda asma y se hab\u00eda operado del coraz\u00f3n anteriormente, con lo cual ascienden a 6 los muertos por COVID-19."},"content":{"rendered":"","protected":false},"excerpt":{"rendered":"","protected":false},"author":32,"featured_media":0,"comment_status":"closed","ping_status":"closed","sticky":false,"template":"","format":"standard","meta":{"footnotes":""},"categories":[596],"tags":[],"class_list":["post-141085","post","type-post","status-publish","format-standard","","category-urgente"],"_links":{"self":[{"href":"https:\/\/archive.sana.sy\/es\/index.php?rest_route=\/wp\/v2\/posts\/141085"}],"collection":[{"href":"https:\/\/archive.sana.sy\/es\/index.php?rest_route=\/wp\/v2\/posts"}],"about":[{"href":"https:\/\/archive.sana.sy\/es\/index.php?rest_route=\/wp\/v2\/types\/post"}],"author":[{"embeddable":true,"href":"https:\/\/archive.sana.sy\/es\/index.php?rest_route=\/wp\/v2\/users\/32"}],"replies":[{"embeddable":true,"href":"https:\/\/archive.sana.sy\/es\/index.php?rest_route=%2Fwp%2Fv2%2Fcomments&post=141085"}],"version-history":[{"count":0,"href":"https:\/\/archive.sana.sy\/es\/index.php?rest_route=\/wp\/v2\/posts\/141085\/revisions"}],"wp:attachment":[{"href":"https:\/\/archive.sana.sy\/es\/index.php?rest_route=%2Fwp%2Fv2%2Fmedia&parent=141085"}],"wp:term":[{"taxonomy":"category","embeddable":true,"href":"https:\/\/archive.sana.sy\/es\/index.php?rest_route=%2Fwp%2Fv2%2Fcategories&post=141085"},{"taxonomy":"post_tag","embeddable":true,"href":"https:\/\/archive.sana.sy\/es\/index.php?rest_route=%2Fwp%2Fv2%2Ftags&post=141085"}],"curies":[{"name":"wp","href":"https:\/\/api.w.org\/{rel}","templated":true}]}}