{"id":141098,"date":"2020-06-02T18:05:16","date_gmt":"2020-06-02T15:05:16","guid":{"rendered":"http:\/\/sana.sy\/es\/?p=141098"},"modified":"2023-01-12T14:44:11","modified_gmt":"2023-01-12T12:44:11","slug":"general-al-mesmari-confirma-neutralizacion-de-la-mayoria-de-cabecillas-terroristas-enviados-por-erdogan-de-siria-a-libia","status":"publish","type":"post","link":"https:\/\/archive.sana.sy\/es\/?p=141098","title":{"rendered":"General al-Mesmari confirma neutralizaci\u00f3n de cabecillas terroristas enviados por Erdogan de Siria a Libia"},"content":{"rendered":"<p style=\"text-align: justify\"><span style=\"color: #800000\">Tr\u00edpoli, SANA<\/span><\/p>\n<p style=\"text-align: justify\">El mayor general Ahmed al-Mesmari, portavoz del Ej\u00e9rcito Nacional de Libia, confirm\u00f3 la neutralizaci\u00f3n de la gran mayor\u00eda de los cabecillas terroristas que fueron enviados por el jefe del r\u00e9gimen turco, Recep Tayyip Erdogan, del territorio sirio a Libia.<\/p>\n<p style=\"text-align: justify\">Durante una rueda de prensa celebrada hoy en la ciudad de Bengazi, el militar libio se\u00f1al\u00f3 que &#8220;Erdogan reclut\u00f3 mercenarios de las organizaciones del Frente de al-Nusra y de lo que reman\u00f3 de la organizaci\u00f3n terrorista de Daesh y milicias afiliadas a la misma para trasladarlos a Libia&#8221;, y agreg\u00f3 que el presidente turco les amenaz\u00f3 con cortar a sus sueldos si no lo obedecen.<\/p>\n<p style=\"text-align: justify\">Advirti\u00f3 que el \u00e9xito de los planes de Erdogan en Libia conllevar\u00e1 a mandar a mercenarios libios y sirios a otros pa\u00edses.<br \/>\nRevel\u00f3 que un buque de carga gubernamental turco fue detectado en Libia, y se sospechaba que hab\u00eda transportado tanques.<\/p>\n<p style=\"text-align: justify\">L.A.<\/p>\n","protected":false},"excerpt":{"rendered":"<p>Tr\u00edpoli, SANA El mayor general Ahmed al-Mesmari, portavoz del Ej\u00e9rcito Nacional de Libia, confirm\u00f3 la neutralizaci\u00f3n de la gran mayor\u00eda de los cabecillas terroristas que fueron enviados por el jefe del r\u00e9gimen turco, Recep Tayyip Erdogan, del territorio sirio a Libia. Durante una rueda de prensa celebrada hoy en la ciudad de Bengazi, el militar &hellip;<\/p>\n","protected":false},"author":24,"featured_media":141099,"comment_status":"closed","ping_status":"closed","sticky":false,"template":"","format":"standard","meta":{"footnotes":""},"categories":[456],"tags":[],"class_list":["post-141098","post","type-post","status-publish","format-standard","has-post-thumbnail","","category-arabe-internacional-politica"],"_links":{"self":[{"href":"https:\/\/archive.sana.sy\/es\/index.php?rest_route=\/wp\/v2\/posts\/141098"}],"collection":[{"href":"https:\/\/archive.sana.sy\/es\/index.php?rest_route=\/wp\/v2\/posts"}],"about":[{"href":"https:\/\/archive.sana.sy\/es\/index.php?rest_route=\/wp\/v2\/types\/post"}],"author":[{"embeddable":true,"href":"https:\/\/archive.sana.sy\/es\/index.php?rest_route=\/wp\/v2\/users\/24"}],"replies":[{"embeddable":true,"href":"https:\/\/archive.sana.sy\/es\/index.php?rest_route=%2Fwp%2Fv2%2Fcomments&post=141098"}],"version-history":[{"count":0,"href":"https:\/\/archive.sana.sy\/es\/index.php?rest_route=\/wp\/v2\/posts\/141098\/revisions"}],"wp:featuredmedia":[{"embeddable":true,"href":"https:\/\/archive.sana.sy\/es\/index.php?rest_route=\/wp\/v2\/media\/141099"}],"wp:attachment":[{"href":"https:\/\/archive.sana.sy\/es\/index.php?rest_route=%2Fwp%2Fv2%2Fmedia&parent=141098"}],"wp:term":[{"taxonomy":"category","embeddable":true,"href":"https:\/\/archive.sana.sy\/es\/index.php?rest_route=%2Fwp%2Fv2%2Fcategories&post=141098"},{"taxonomy":"post_tag","embeddable":true,"href":"https:\/\/archive.sana.sy\/es\/index.php?rest_route=%2Fwp%2Fv2%2Ftags&post=141098"}],"curies":[{"name":"wp","href":"https:\/\/api.w.org\/{rel}","templated":true}]}}