{"id":14112,"date":"2014-12-11T12:47:53","date_gmt":"2014-12-11T10:47:53","guid":{"rendered":"http:\/\/www.sana.sy\/es\/?p=14112"},"modified":"2014-12-11T12:47:53","modified_gmt":"2014-12-11T10:47:53","slug":"jefe-del-estado-mayor-ruso-estados-unidos-y-sus-aliados-escalan-la-crisis-en-siria","status":"publish","type":"post","link":"https:\/\/archive.sana.sy\/es\/?p=14112","title":{"rendered":"Jefe del Estado Mayor ruso: Estados Unidos y sus aliados escalan la crisis en Siria \u00a0"},"content":{"rendered":"<div><span style=\"color: #ff0000\">Mosc\u00fa, SANA.<\/span><\/div>\n<div><span lang=\"ES-TRAD\">\u00a0<\/span><\/div>\n<div><span lang=\"ES-TRAD\">El jefe de Estado Mayor de la Fuerzas Armadas de Rusia, Valery Gerasimov, dijo que Estados Unidos y sus aliados europeos est\u00e1n intensificando su apoyo a las organizaciones terroristas en Siria con el fin de cambiar el gobierno leg\u00edtimo en este pa\u00eds.<\/span><\/div>\n<div><span lang=\"ES-TRAD\">\u00a0<\/span><\/div>\n<div><span lang=\"ES-TRAD\">El Gen. Gerasimov dijo durante una reuni\u00f3n en Mosc\u00fa con los agregados militares en las embajadas acreditadas en Rusia, que el apoyo externo de las organizaciones armadas en Siria est\u00e1 en constante aumento, y al mismo tiempo se incrementa la presi\u00f3n pol\u00edtica y medi\u00e1tica internacional sobre el liderazgo sirio, lo cual ha llevado a una escalada de la crisis en este pa\u00eds.<\/span><\/div>\n<div><span lang=\"ES-TRAD\">\u00a0<\/span><\/div>\n<div><span lang=\"ES-TRAD\">El alto mando ruso a\u00f1adi\u00f3 que la organizaci\u00f3n terrorista del Estado Isl\u00e1mico en Irak y Siria, incluye en sus filas alrededor de 70 mil armados de diferentes nacionalidades, se\u00f1alando que Estados Unidos hab\u00eda financiado esta organizaci\u00f3n para luchar contra el Ej\u00e9rcito \u00c1rabe Sirio.<\/span><\/div>\n<div><span lang=\"ES-TRAD\">\u00a0<\/span><\/div>\n<div><span lang=\"ES-TRAD\">Cabe resaltar que el ministro de Defensa ruso, Sergei Shoigu, hab\u00eda declarado que la presencia militar de Estados Unidos en algunos pa\u00edses, convierte a estos \u00faltimos en lugares sangrientos y de caos<\/span><\/div>\n<div><\/div>\n<div><span style=\"color: #00ccff\">Fady M., Hala B.<\/span><\/div>\n","protected":false},"excerpt":{"rendered":"<p>Mosc\u00fa, SANA. \u00a0 El jefe de Estado Mayor de la Fuerzas Armadas de Rusia, Valery Gerasimov, dijo que Estados Unidos y sus aliados europeos est\u00e1n intensificando su apoyo a las organizaciones terroristas en Siria con el fin de cambiar el gobierno leg\u00edtimo en este pa\u00eds. \u00a0 El Gen. Gerasimov dijo durante una reuni\u00f3n en Mosc\u00fa &hellip;<\/p>\n","protected":false},"author":1,"featured_media":14111,"comment_status":"closed","ping_status":"closed","sticky":false,"template":"","format":"standard","meta":{"footnotes":""},"categories":[597,456,576],"tags":[3205],"class_list":["post-14112","post","type-post","status-publish","format-standard","has-post-thumbnail","","category-cinta-de-noticias","category-arabe-internacional-politica","category-noticias-politicas","tag-jefe-del-estado-mayor-ruso-estados-unidos-y-sus-aliados-escalan-la-crisis-en-siria"],"_links":{"self":[{"href":"https:\/\/archive.sana.sy\/es\/index.php?rest_route=\/wp\/v2\/posts\/14112"}],"collection":[{"href":"https:\/\/archive.sana.sy\/es\/index.php?rest_route=\/wp\/v2\/posts"}],"about":[{"href":"https:\/\/archive.sana.sy\/es\/index.php?rest_route=\/wp\/v2\/types\/post"}],"author":[{"embeddable":true,"href":"https:\/\/archive.sana.sy\/es\/index.php?rest_route=\/wp\/v2\/users\/1"}],"replies":[{"embeddable":true,"href":"https:\/\/archive.sana.sy\/es\/index.php?rest_route=%2Fwp%2Fv2%2Fcomments&post=14112"}],"version-history":[{"count":0,"href":"https:\/\/archive.sana.sy\/es\/index.php?rest_route=\/wp\/v2\/posts\/14112\/revisions"}],"wp:featuredmedia":[{"embeddable":true,"href":"https:\/\/archive.sana.sy\/es\/index.php?rest_route=\/wp\/v2\/media\/14111"}],"wp:attachment":[{"href":"https:\/\/archive.sana.sy\/es\/index.php?rest_route=%2Fwp%2Fv2%2Fmedia&parent=14112"}],"wp:term":[{"taxonomy":"category","embeddable":true,"href":"https:\/\/archive.sana.sy\/es\/index.php?rest_route=%2Fwp%2Fv2%2Fcategories&post=14112"},{"taxonomy":"post_tag","embeddable":true,"href":"https:\/\/archive.sana.sy\/es\/index.php?rest_route=%2Fwp%2Fv2%2Ftags&post=14112"}],"curies":[{"name":"wp","href":"https:\/\/api.w.org\/{rel}","templated":true}]}}