{"id":14117,"date":"2014-12-11T16:13:20","date_gmt":"2014-12-11T14:13:20","guid":{"rendered":"http:\/\/www.sana.sy\/es\/?p=14117"},"modified":"2014-12-13T13:28:51","modified_gmt":"2014-12-13T11:28:51","slug":"siria-condena-el-brutal-crimen-israeli-que-cobro-la-vida-del-ministro-ziad-abu-ein","status":"publish","type":"post","link":"https:\/\/archive.sana.sy\/es\/?p=14117","title":{"rendered":"Siria condena el brutal crimen israel\u00ed que cobr\u00f3 la vida del ministro Ziad Abu Ein"},"content":{"rendered":"<p>Damasco, SANA<\/p>\n<p>Siria conden\u00f3 en\u00e9rgicamente el brutal crimen cometido por las fuerzas de ocupaci\u00f3n israel\u00edes y que cobr\u00f3 la vida del ministro Ziad Abu Ein, presidente del \u00d3rgano de Resistencia al Muro y a los Asentamientos en la Autoridad Palestina.<\/p>\n<p>Una fuente oficial del Ministerio de Exteriores y Expatriados dijo en una declaraci\u00f3n a la prensa, que la Rep\u00fablica \u00c1rabe Siria condena en los m\u00e1s fuertes t\u00e9rminos, el barb\u00e1rico crimen cometido por las fuerzas de ocupaci\u00f3n israel\u00edes y que provoc\u00f3 la muerte del ministro Abu Ein.<\/p>\n<p>La fuente agreg\u00f3 que este nuevo crimen atroz confirma la naturaleza agresiva del terrorismo de Estado israel\u00ed contra el pueblo palestino.<\/p>\n<p>La fuente expres\u00f3 las condolencias Siria a la familia del m\u00e1rtir y su apoyo y solidaridad con el pueblo palestino en su lucha por recuperar sus derechos leg\u00edtimos, incluido el derecho a construir un Estado nacional independiente con Jerusal\u00e9n de capital.<\/p>\n<p>La declaraci\u00f3n concluy\u00f3 que la comunidad internacional est\u00e1 llamada a condenar en serio estas pr\u00e1cticas terroristas israel\u00edes y poner fin a la arrogancia israel\u00ed que amenazan la seguridad y la estabilidad en la regi\u00f3n.<\/p>\n<p>Hala B., Fady M.<\/p>\n","protected":false},"excerpt":{"rendered":"<p>Damasco, SANA Siria conden\u00f3 en\u00e9rgicamente el brutal crimen cometido por las fuerzas de ocupaci\u00f3n israel\u00edes y que cobr\u00f3 la vida del ministro Ziad Abu Ein, presidente del \u00d3rgano de Resistencia al Muro y a los Asentamientos en la Autoridad Palestina. Una fuente oficial del Ministerio de Exteriores y Expatriados dijo en una declaraci\u00f3n a la &hellip;<\/p>\n","protected":false},"author":24,"featured_media":8197,"comment_status":"closed","ping_status":"closed","sticky":false,"template":"","format":"standard","meta":{"footnotes":""},"categories":[477,476],"tags":[3206],"class_list":["post-14117","post","type-post","status-publish","format-standard","has-post-thumbnail","","category-noticias-edulcorantes","category-locales","tag-siria-condena-el-brutal-crimen-israeli-que-cobro-la-vida-del-ministro-ziad-abu-ein"],"_links":{"self":[{"href":"https:\/\/archive.sana.sy\/es\/index.php?rest_route=\/wp\/v2\/posts\/14117"}],"collection":[{"href":"https:\/\/archive.sana.sy\/es\/index.php?rest_route=\/wp\/v2\/posts"}],"about":[{"href":"https:\/\/archive.sana.sy\/es\/index.php?rest_route=\/wp\/v2\/types\/post"}],"author":[{"embeddable":true,"href":"https:\/\/archive.sana.sy\/es\/index.php?rest_route=\/wp\/v2\/users\/24"}],"replies":[{"embeddable":true,"href":"https:\/\/archive.sana.sy\/es\/index.php?rest_route=%2Fwp%2Fv2%2Fcomments&post=14117"}],"version-history":[{"count":0,"href":"https:\/\/archive.sana.sy\/es\/index.php?rest_route=\/wp\/v2\/posts\/14117\/revisions"}],"wp:featuredmedia":[{"embeddable":true,"href":"https:\/\/archive.sana.sy\/es\/index.php?rest_route=\/wp\/v2\/media\/8197"}],"wp:attachment":[{"href":"https:\/\/archive.sana.sy\/es\/index.php?rest_route=%2Fwp%2Fv2%2Fmedia&parent=14117"}],"wp:term":[{"taxonomy":"category","embeddable":true,"href":"https:\/\/archive.sana.sy\/es\/index.php?rest_route=%2Fwp%2Fv2%2Fcategories&post=14117"},{"taxonomy":"post_tag","embeddable":true,"href":"https:\/\/archive.sana.sy\/es\/index.php?rest_route=%2Fwp%2Fv2%2Ftags&post=14117"}],"curies":[{"name":"wp","href":"https:\/\/api.w.org\/{rel}","templated":true}]}}