{"id":141194,"date":"2020-06-03T14:00:46","date_gmt":"2020-06-03T11:00:46","guid":{"rendered":"http:\/\/sana.sy\/es\/?p=141194"},"modified":"2020-06-03T14:00:46","modified_gmt":"2020-06-03T11:00:46","slug":"la-republica-arabe-siria-expresa-su-energica-condena-a-la-llamada-ley-cesar-que-endurece-las-medidas-coercitivas-impuestas-a-siria-por-parte-de-la-administracion-estadounidense","status":"publish","type":"post","link":"https:\/\/archive.sana.sy\/es\/?p=141194","title":{"rendered":"La Rep\u00fablica \u00c1rabe Siria expresa su en\u00e9rgica condena a la llamada \u201cLey C\u00e9sar\u201d que endurece las medidas coercitivas impuestas a Siria por parte de la administraci\u00f3n estadounidense."},"content":{"rendered":"","protected":false},"excerpt":{"rendered":"","protected":false},"author":34,"featured_media":0,"comment_status":"closed","ping_status":"closed","sticky":false,"template":"","format":"standard","meta":{"footnotes":""},"categories":[596],"tags":[],"class_list":["post-141194","post","type-post","status-publish","format-standard","","category-urgente"],"_links":{"self":[{"href":"https:\/\/archive.sana.sy\/es\/index.php?rest_route=\/wp\/v2\/posts\/141194"}],"collection":[{"href":"https:\/\/archive.sana.sy\/es\/index.php?rest_route=\/wp\/v2\/posts"}],"about":[{"href":"https:\/\/archive.sana.sy\/es\/index.php?rest_route=\/wp\/v2\/types\/post"}],"author":[{"embeddable":true,"href":"https:\/\/archive.sana.sy\/es\/index.php?rest_route=\/wp\/v2\/users\/34"}],"replies":[{"embeddable":true,"href":"https:\/\/archive.sana.sy\/es\/index.php?rest_route=%2Fwp%2Fv2%2Fcomments&post=141194"}],"version-history":[{"count":0,"href":"https:\/\/archive.sana.sy\/es\/index.php?rest_route=\/wp\/v2\/posts\/141194\/revisions"}],"wp:attachment":[{"href":"https:\/\/archive.sana.sy\/es\/index.php?rest_route=%2Fwp%2Fv2%2Fmedia&parent=141194"}],"wp:term":[{"taxonomy":"category","embeddable":true,"href":"https:\/\/archive.sana.sy\/es\/index.php?rest_route=%2Fwp%2Fv2%2Fcategories&post=141194"},{"taxonomy":"post_tag","embeddable":true,"href":"https:\/\/archive.sana.sy\/es\/index.php?rest_route=%2Fwp%2Fv2%2Ftags&post=141194"}],"curies":[{"name":"wp","href":"https:\/\/api.w.org\/{rel}","templated":true}]}}