{"id":141277,"date":"2020-06-04T13:50:46","date_gmt":"2020-06-04T10:50:46","guid":{"rendered":"http:\/\/sana.sy\/es\/?p=141277"},"modified":"2023-01-10T15:15:10","modified_gmt":"2023-01-10T13:15:10","slug":"sweida-exporta-5500-toneladas-de-manzana","status":"publish","type":"post","link":"https:\/\/archive.sana.sy\/es\/?p=141277","title":{"rendered":"Provincia siria exporta 5500 toneladas de manzana al exterior"},"content":{"rendered":"<p><span style=\"color: #800000;\">Sweida, SANA <\/span><\/p>\n<p style=\"text-align: justify;\">La cantidad de manzana exportada al exterior por los agricultores de la provincia sure\u00f1a de Sweida, ascendi\u00f3 a cinco mil 500 toneladas.<\/p>\n<p style=\"text-align: justify;\">El presidente de la C\u00e1mara de Agricultura de Sweida, Hatem Abu Ras, declar\u00f3 a SANA que este volumen de exportaci\u00f3n se registr\u00f3 entre octubre del 2019 a mayo del 2020, e indic\u00f3 que Egipto y Sud\u00e1n son los principales destinos de la manzana siria este a\u00f1o.<\/p>\n<p style=\"text-align: justify;\">Sweida produjo en la cosecha de 2019, 21 mil 317 toneladas de manzana.<\/p>\n<p><span style=\"color: #0000ff;\">RR\/ MM\/ FM\u00a0<\/span><\/p>\n<p>&nbsp;<\/p>\n","protected":false},"excerpt":{"rendered":"<p>Sweida, SANA La cantidad de manzana exportada al exterior por los agricultores de la provincia sure\u00f1a de Sweida, ascendi\u00f3 a cinco mil 500 toneladas. El presidente de la C\u00e1mara de Agricultura de Sweida, Hatem Abu Ras, declar\u00f3 a SANA que este volumen de exportaci\u00f3n se registr\u00f3 entre octubre del 2019 a mayo del 2020, e &hellip;<\/p>\n","protected":false},"author":31,"featured_media":141279,"comment_status":"closed","ping_status":"closed","sticky":false,"template":"","format":"standard","meta":{"footnotes":""},"categories":[597,16686,485,7541],"tags":[],"class_list":["post-141277","post","type-post","status-publish","format-standard","has-post-thumbnail","","category-cinta-de-noticias","category-economia","category-informes-negocios-y-finanzas","category-ultimas-noticias"],"_links":{"self":[{"href":"https:\/\/archive.sana.sy\/es\/index.php?rest_route=\/wp\/v2\/posts\/141277"}],"collection":[{"href":"https:\/\/archive.sana.sy\/es\/index.php?rest_route=\/wp\/v2\/posts"}],"about":[{"href":"https:\/\/archive.sana.sy\/es\/index.php?rest_route=\/wp\/v2\/types\/post"}],"author":[{"embeddable":true,"href":"https:\/\/archive.sana.sy\/es\/index.php?rest_route=\/wp\/v2\/users\/31"}],"replies":[{"embeddable":true,"href":"https:\/\/archive.sana.sy\/es\/index.php?rest_route=%2Fwp%2Fv2%2Fcomments&post=141277"}],"version-history":[{"count":0,"href":"https:\/\/archive.sana.sy\/es\/index.php?rest_route=\/wp\/v2\/posts\/141277\/revisions"}],"wp:featuredmedia":[{"embeddable":true,"href":"https:\/\/archive.sana.sy\/es\/index.php?rest_route=\/wp\/v2\/media\/141279"}],"wp:attachment":[{"href":"https:\/\/archive.sana.sy\/es\/index.php?rest_route=%2Fwp%2Fv2%2Fmedia&parent=141277"}],"wp:term":[{"taxonomy":"category","embeddable":true,"href":"https:\/\/archive.sana.sy\/es\/index.php?rest_route=%2Fwp%2Fv2%2Fcategories&post=141277"},{"taxonomy":"post_tag","embeddable":true,"href":"https:\/\/archive.sana.sy\/es\/index.php?rest_route=%2Fwp%2Fv2%2Ftags&post=141277"}],"curies":[{"name":"wp","href":"https:\/\/api.w.org\/{rel}","templated":true}]}}