{"id":14133,"date":"2014-12-11T13:27:57","date_gmt":"2014-12-11T11:27:57","guid":{"rendered":"http:\/\/www.sana.sy\/es\/?p=14133"},"modified":"2014-12-11T18:35:36","modified_gmt":"2014-12-11T16:35:36","slug":"debaten-maneras-de-garantizar-estabilidad-en-los-precios-de-los-productos-basicos","status":"publish","type":"post","link":"https:\/\/archive.sana.sy\/es\/?p=14133","title":{"rendered":"Debaten maneras de garantizar estabilidad en los precios de los productos b\u00e1sicos"},"content":{"rendered":"<p>Damasco, SANA<\/p>\n<p>El primer ministro, Wael al-Halqui, encabez\u00f3 este jueves una reuni\u00f3n extraordinaria con los representantes de las instituciones financieras con vistas de estar al tanto de la situaci\u00f3n de las mismas y los retos que enfrentan, as\u00ed como las v\u00edas de desarrollar su rendimiento.<\/p>\n<p>Durante la reuni\u00f3n, el jefe del Ejecutivo recalc\u00f3 que el gobierno se esfuerza para garantizar las necesidades b\u00e1sicas de los ciudadanos, lo cual hizo indispensable contar con las instituciones de \u201cintervenci\u00f3n positiva\u201d para suministrar a los mercados con los productos alimentarios en cantidades y calidades adecuadas y precios competitivos en el momento propicio.<\/p>\n<p>El Primer Ministro afirm\u00f3 que estas instituciones deben ser el brazo fuerte del gobierno y que influyan en el Mercado a favor del consumidor, mediante la lucha contra el monopolio para llegar a precios competitivos.<\/p>\n<p>Asimismo, resalt\u00f3 la necesidad de activar y promover el rendimiento de los puntos de venta y fijar precios reales a los productos, as\u00ed como facilitar los tr\u00e1mites que regulan la labor de estas instituciones con vistas de evitar la corrupci\u00f3n entre algunos de sus funcionarios que tratan de monopolizar los precios.<\/p>\n<p>En este contexto, al-Halqui hizo referencia a la necesidad de que el Ministerio de Comercio y Protecci\u00f3n del Consumido controle a estos puntos de venta y facilite la misi\u00f3n de las instituciones de \u201cintervenci\u00f3n positiva\u201d para que se logre un equilibrio real y una estabilidad de los precios en el mercado.<\/p>\n<p>Lynn A., Fady M.<\/p>\n","protected":false},"excerpt":{"rendered":"<p>Damasco, SANA El primer ministro, Wael al-Halqui, encabez\u00f3 este jueves una reuni\u00f3n extraordinaria con los representantes de las instituciones financieras con vistas de estar al tanto de la situaci\u00f3n de las mismas y los retos que enfrentan, as\u00ed como las v\u00edas de desarrollar su rendimiento. Durante la reuni\u00f3n, el jefe del Ejecutivo recalc\u00f3 que el &hellip;<\/p>\n","protected":false},"author":24,"featured_media":14135,"comment_status":"closed","ping_status":"closed","sticky":false,"template":"","format":"standard","meta":{"footnotes":""},"categories":[477,476],"tags":[3211],"class_list":["post-14133","post","type-post","status-publish","format-standard","has-post-thumbnail","","category-noticias-edulcorantes","category-locales","tag-debaten-maneras-de-garantizar-estabilidad-en-los-precios-de-los-productos-basicos"],"_links":{"self":[{"href":"https:\/\/archive.sana.sy\/es\/index.php?rest_route=\/wp\/v2\/posts\/14133"}],"collection":[{"href":"https:\/\/archive.sana.sy\/es\/index.php?rest_route=\/wp\/v2\/posts"}],"about":[{"href":"https:\/\/archive.sana.sy\/es\/index.php?rest_route=\/wp\/v2\/types\/post"}],"author":[{"embeddable":true,"href":"https:\/\/archive.sana.sy\/es\/index.php?rest_route=\/wp\/v2\/users\/24"}],"replies":[{"embeddable":true,"href":"https:\/\/archive.sana.sy\/es\/index.php?rest_route=%2Fwp%2Fv2%2Fcomments&post=14133"}],"version-history":[{"count":0,"href":"https:\/\/archive.sana.sy\/es\/index.php?rest_route=\/wp\/v2\/posts\/14133\/revisions"}],"wp:featuredmedia":[{"embeddable":true,"href":"https:\/\/archive.sana.sy\/es\/index.php?rest_route=\/wp\/v2\/media\/14135"}],"wp:attachment":[{"href":"https:\/\/archive.sana.sy\/es\/index.php?rest_route=%2Fwp%2Fv2%2Fmedia&parent=14133"}],"wp:term":[{"taxonomy":"category","embeddable":true,"href":"https:\/\/archive.sana.sy\/es\/index.php?rest_route=%2Fwp%2Fv2%2Fcategories&post=14133"},{"taxonomy":"post_tag","embeddable":true,"href":"https:\/\/archive.sana.sy\/es\/index.php?rest_route=%2Fwp%2Fv2%2Ftags&post=14133"}],"curies":[{"name":"wp","href":"https:\/\/api.w.org\/{rel}","templated":true}]}}