{"id":14142,"date":"2014-12-11T15:42:49","date_gmt":"2014-12-11T13:42:49","guid":{"rendered":"http:\/\/www.sana.sy\/es\/?p=14142"},"modified":"2014-12-11T20:46:15","modified_gmt":"2014-12-11T18:46:15","slug":"hilal-el-golan-sirio-seguira-siendo-la-primera-linea-de-defensa-de-siria","status":"publish","type":"post","link":"https:\/\/archive.sana.sy\/es\/?p=14142","title":{"rendered":"Hilal: el Gol\u00e1n sirio seguir\u00e1 siendo la primera l\u00ednea de defensa de Siria"},"content":{"rendered":"<p>Damasco, SANA<\/p>\n<p>El subsecretario del Partido \u00c1rabe Socialista de al-Baath, Hilal al-Hilal homenaje\u00f3 este jueves varias familias de m\u00e1rtires y heridos del ej\u00e9rcito sirio en la provincia de Quneitra.<br \/>\nDurante el acto, al-Hilal subray\u00f3 que el Gol\u00e1n sirio seguir\u00e1 siendo \u00e1rabe sirio pese a las horribles pr\u00e1cticas aplicadas por el ente sionista contra sus habitantes insumisos.<\/p>\n<p>Asimismo hizo hincapi\u00e9 en que el Gol\u00e1n sirio permanecer\u00e1 como la primera l\u00ednea de defensa de Siria por mucho que el ocupante israel\u00ed y sus lacayos de los grupos terroristas intensifiquen sus cr\u00edmenes.<\/p>\n<p>Al-Hilal reiter\u00f3 que los liderazgos pol\u00edtico y del partido seguir\u00e1n ofreciendo todo el apoyo necesario a las familias de los m\u00e1rtires y de los heridos.<\/p>\n<p>Lynn A., Riyad Sh.<\/p>\n","protected":false},"excerpt":{"rendered":"<p>Damasco, SANA El subsecretario del Partido \u00c1rabe Socialista de al-Baath, Hilal al-Hilal homenaje\u00f3 este jueves varias familias de m\u00e1rtires y heridos del ej\u00e9rcito sirio en la provincia de Quneitra. Durante el acto, al-Hilal subray\u00f3 que el Gol\u00e1n sirio seguir\u00e1 siendo \u00e1rabe sirio pese a las horribles pr\u00e1cticas aplicadas por el ente sionista contra sus habitantes &hellip;<\/p>\n","protected":false},"author":24,"featured_media":14153,"comment_status":"closed","ping_status":"closed","sticky":false,"template":"","format":"standard","meta":{"footnotes":""},"categories":[477,476],"tags":[3213],"class_list":["post-14142","post","type-post","status-publish","format-standard","has-post-thumbnail","","category-noticias-edulcorantes","category-locales","tag-hilal-el-golan-sirio-seguira-siendo-la-primera-linea-de-defensa-de-siria"],"_links":{"self":[{"href":"https:\/\/archive.sana.sy\/es\/index.php?rest_route=\/wp\/v2\/posts\/14142"}],"collection":[{"href":"https:\/\/archive.sana.sy\/es\/index.php?rest_route=\/wp\/v2\/posts"}],"about":[{"href":"https:\/\/archive.sana.sy\/es\/index.php?rest_route=\/wp\/v2\/types\/post"}],"author":[{"embeddable":true,"href":"https:\/\/archive.sana.sy\/es\/index.php?rest_route=\/wp\/v2\/users\/24"}],"replies":[{"embeddable":true,"href":"https:\/\/archive.sana.sy\/es\/index.php?rest_route=%2Fwp%2Fv2%2Fcomments&post=14142"}],"version-history":[{"count":0,"href":"https:\/\/archive.sana.sy\/es\/index.php?rest_route=\/wp\/v2\/posts\/14142\/revisions"}],"wp:featuredmedia":[{"embeddable":true,"href":"https:\/\/archive.sana.sy\/es\/index.php?rest_route=\/wp\/v2\/media\/14153"}],"wp:attachment":[{"href":"https:\/\/archive.sana.sy\/es\/index.php?rest_route=%2Fwp%2Fv2%2Fmedia&parent=14142"}],"wp:term":[{"taxonomy":"category","embeddable":true,"href":"https:\/\/archive.sana.sy\/es\/index.php?rest_route=%2Fwp%2Fv2%2Fcategories&post=14142"},{"taxonomy":"post_tag","embeddable":true,"href":"https:\/\/archive.sana.sy\/es\/index.php?rest_route=%2Fwp%2Fv2%2Ftags&post=14142"}],"curies":[{"name":"wp","href":"https:\/\/api.w.org\/{rel}","templated":true}]}}