{"id":141494,"date":"2020-06-06T09:48:23","date_gmt":"2020-06-06T06:48:23","guid":{"rendered":"http:\/\/sana.sy\/es\/?p=141494"},"modified":"2020-06-06T09:48:23","modified_gmt":"2020-06-06T06:48:23","slug":"muere-un-soldado-turco-y-otros-dos-resultan-heridos-en-idleb-siria","status":"publish","type":"post","link":"https:\/\/archive.sana.sy\/es\/?p=141494","title":{"rendered":"Muere un soldado turco y otros dos resultan heridos en Idleb, Siria"},"content":{"rendered":"<p style=\"text-align: justify;\"><strong><span style=\"color: #800000;\">Ankara, SANA<\/span><\/strong><\/p>\n<p style=\"text-align: justify;\">Las autoridades del r\u00e9gimen turco admitieron hoy la muerte de uno de sus soldados mientras otros dos resultaron heridos, en la provincia septentrional siria de Idleb.<\/p>\n<p style=\"text-align: justify;\">Un comunicado del Ministerio de Defensa del r\u00e9gimen turco citado por Reuters indic\u00f3 que un soldado pereci\u00f3 y otros dos fueron heridos en un \u201cataque\u201d en Idleb.<\/p>\n<p style=\"text-align: justify;\">Las organizaciones terroristas desplegadas en Idleb reciben apoyo directo del r\u00e9gimen turco que les ofrece armas y dinero, adem\u00e1s de informaci\u00f3n de reconocimiento para llevar a cabo ataques contra las aldeas bajo control gubernamental.<\/p>\n<p style=\"text-align: justify;\"><strong><span style=\"color: #0000ff;\">A.Sh\/F.M\/W.S<\/span><\/strong><\/p>\n","protected":false},"excerpt":{"rendered":"<p>Ankara, SANA Las autoridades del r\u00e9gimen turco admitieron hoy la muerte de uno de sus soldados mientras otros dos resultaron heridos, en la provincia septentrional siria de Idleb. Un comunicado del Ministerio de Defensa del r\u00e9gimen turco citado por Reuters indic\u00f3 que un soldado pereci\u00f3 y otros dos fueron heridos en un \u201cataque\u201d en Idleb. &hellip;<\/p>\n","protected":false},"author":35,"featured_media":141499,"comment_status":"closed","ping_status":"closed","sticky":false,"template":"","format":"standard","meta":{"footnotes":""},"categories":[477,597,573,7541,1],"tags":[],"class_list":["post-141494","post","type-post","status-publish","format-standard","has-post-thumbnail","","category-noticias-edulcorantes","category-cinta-de-noticias","category-la-realidad-de-los-acontecimientos-en-siria","category-ultimas-noticias","category-news-not-sorted"],"_links":{"self":[{"href":"https:\/\/archive.sana.sy\/es\/index.php?rest_route=\/wp\/v2\/posts\/141494"}],"collection":[{"href":"https:\/\/archive.sana.sy\/es\/index.php?rest_route=\/wp\/v2\/posts"}],"about":[{"href":"https:\/\/archive.sana.sy\/es\/index.php?rest_route=\/wp\/v2\/types\/post"}],"author":[{"embeddable":true,"href":"https:\/\/archive.sana.sy\/es\/index.php?rest_route=\/wp\/v2\/users\/35"}],"replies":[{"embeddable":true,"href":"https:\/\/archive.sana.sy\/es\/index.php?rest_route=%2Fwp%2Fv2%2Fcomments&post=141494"}],"version-history":[{"count":0,"href":"https:\/\/archive.sana.sy\/es\/index.php?rest_route=\/wp\/v2\/posts\/141494\/revisions"}],"wp:featuredmedia":[{"embeddable":true,"href":"https:\/\/archive.sana.sy\/es\/index.php?rest_route=\/wp\/v2\/media\/141499"}],"wp:attachment":[{"href":"https:\/\/archive.sana.sy\/es\/index.php?rest_route=%2Fwp%2Fv2%2Fmedia&parent=141494"}],"wp:term":[{"taxonomy":"category","embeddable":true,"href":"https:\/\/archive.sana.sy\/es\/index.php?rest_route=%2Fwp%2Fv2%2Fcategories&post=141494"},{"taxonomy":"post_tag","embeddable":true,"href":"https:\/\/archive.sana.sy\/es\/index.php?rest_route=%2Fwp%2Fv2%2Ftags&post=141494"}],"curies":[{"name":"wp","href":"https:\/\/api.w.org\/{rel}","templated":true}]}}