{"id":14151,"date":"2014-12-11T20:42:39","date_gmt":"2014-12-11T18:42:39","guid":{"rendered":"http:\/\/www.sana.sy\/es\/?p=14151"},"modified":"2014-12-11T20:42:39","modified_gmt":"2014-12-11T18:42:39","slug":"martirologio-de-un-ciudadano-en-la-campina-de-damasco","status":"publish","type":"post","link":"https:\/\/archive.sana.sy\/es\/?p=14151","title":{"rendered":"Martirologio de un ciudadano en la campi\u00f1a de Damasco"},"content":{"rendered":"<p>Damasco-Campo-SANA<\/p>\n<p>Un ciudadano perdi\u00f3 la vida y otro result\u00f3 herido a ra\u00edz de ataques con proyectil de mortero contra la prisi\u00f3n central de damasco ubicada en la campi\u00f1a de Damasco.<\/p>\n<p>Una fuente en la comandancia de la polic\u00eda inform\u00f3 que terroristas lanzaron un proyectil de mortero contra la prisi\u00f3n, hecho que provoc\u00f3 la muerte de un ciudadano y lesiones graves a otro.<\/p>\n<p>Yamil K.<\/p>\n","protected":false},"excerpt":{"rendered":"<p>Damasco-Campo-SANA Un ciudadano perdi\u00f3 la vida y otro result\u00f3 herido a ra\u00edz de ataques con proyectil de mortero contra la prisi\u00f3n central de damasco ubicada en la campi\u00f1a de Damasco. Una fuente en la comandancia de la polic\u00eda inform\u00f3 que terroristas lanzaron un proyectil de mortero contra la prisi\u00f3n, hecho que provoc\u00f3 la muerte de &hellip;<\/p>\n","protected":false},"author":1,"featured_media":3037,"comment_status":"closed","ping_status":"closed","sticky":false,"template":"","format":"standard","meta":{"footnotes":""},"categories":[477,573,476],"tags":[],"class_list":["post-14151","post","type-post","status-publish","format-standard","has-post-thumbnail","","category-noticias-edulcorantes","category-la-realidad-de-los-acontecimientos-en-siria","category-locales"],"_links":{"self":[{"href":"https:\/\/archive.sana.sy\/es\/index.php?rest_route=\/wp\/v2\/posts\/14151"}],"collection":[{"href":"https:\/\/archive.sana.sy\/es\/index.php?rest_route=\/wp\/v2\/posts"}],"about":[{"href":"https:\/\/archive.sana.sy\/es\/index.php?rest_route=\/wp\/v2\/types\/post"}],"author":[{"embeddable":true,"href":"https:\/\/archive.sana.sy\/es\/index.php?rest_route=\/wp\/v2\/users\/1"}],"replies":[{"embeddable":true,"href":"https:\/\/archive.sana.sy\/es\/index.php?rest_route=%2Fwp%2Fv2%2Fcomments&post=14151"}],"version-history":[{"count":0,"href":"https:\/\/archive.sana.sy\/es\/index.php?rest_route=\/wp\/v2\/posts\/14151\/revisions"}],"wp:featuredmedia":[{"embeddable":true,"href":"https:\/\/archive.sana.sy\/es\/index.php?rest_route=\/wp\/v2\/media\/3037"}],"wp:attachment":[{"href":"https:\/\/archive.sana.sy\/es\/index.php?rest_route=%2Fwp%2Fv2%2Fmedia&parent=14151"}],"wp:term":[{"taxonomy":"category","embeddable":true,"href":"https:\/\/archive.sana.sy\/es\/index.php?rest_route=%2Fwp%2Fv2%2Fcategories&post=14151"},{"taxonomy":"post_tag","embeddable":true,"href":"https:\/\/archive.sana.sy\/es\/index.php?rest_route=%2Fwp%2Fv2%2Ftags&post=14151"}],"curies":[{"name":"wp","href":"https:\/\/api.w.org\/{rel}","templated":true}]}}