{"id":141752,"date":"2020-06-08T21:30:07","date_gmt":"2020-06-08T18:30:07","guid":{"rendered":"http:\/\/sana.sy\/es\/?p=141752"},"modified":"2020-06-08T22:43:47","modified_gmt":"2020-06-08T19:43:47","slug":"lanzan-jornada-nacional-de-vacunacion-del-14-al-18-del-actual-mes-de-junio","status":"publish","type":"post","link":"https:\/\/archive.sana.sy\/es\/?p=141752","title":{"rendered":"Lanzan jornada nacional de vacunaci\u00f3n del 14 al 18 del actual mes de junio"},"content":{"rendered":"<p style=\"text-align: justify;\"><strong><span style=\"color: #800000;\">Damasco, SANA<\/span><\/strong><\/p>\n<p style=\"text-align: justify;\">El Ministerio de Salud anunci\u00f3 hoy el lanzamiento de la jornada nacional de vacunaci\u00f3n del 14 al 18 de este mes, para los ni\u00f1os menores de cinco a\u00f1os.<\/p>\n<p style=\"text-align: justify;\">En un comunicado, el Ministerio llam\u00f3 a los padres para llevar a sus hijos a los centros de salud o equipos m\u00f3viles y llevar la tarjeta de vacunaci\u00f3n del ni\u00f1o.<\/p>\n<p style=\"text-align: justify;\">El ministerio explic\u00f3 que las enfermedades comunes como el resfriado, la diarrea o el ligero aumento de la temperatura no impiden la vacunaci\u00f3n del ni\u00f1o.<\/p>\n<p style=\"text-align: justify;\">El Director de Atenci\u00f3n Primaria de Salud en el Ministerio, Fadi Kassis, explic\u00f3 que la jornada incluye 11 vacunas que figuran en el programa nacional de vacunaci\u00f3n para ni\u00f1os menores de cinco a\u00f1os.<\/p>\n<p style=\"text-align: justify;\">Esper\u00f3 que la campa\u00f1a llegue a 240477 ni\u00f1os que no hab\u00edan sido vacunados antes debido a la guerra y el terrorismo.<\/p>\n<p style=\"text-align: justify;\">\u201cHay 1002 centros y 545 equipos m\u00f3viles en todas las provincias, y tambi\u00e9n se establecieron 666 centros temporales en algunas \u00e1reas, mientras m\u00e1s de 8 mil trabajadores de salud trabajar\u00e1n dentro de la campa\u00f1a\u201d, explic\u00f3<\/p>\n<p style=\"text-align: justify;\">Es de destacar que el programa nacional de vacunaci\u00f3n fue lanzado en 1978 y logr\u00f3 eliminar el t\u00e9tanos en 1997 y la polio en 1995, e hizo importantes avances en la eliminaci\u00f3n del sarampi\u00f3n.<\/p>\n<p style=\"text-align: justify;\"><strong><span style=\"color: #0000ff;\">F.M\/ E.D<\/span><\/strong><\/p>\n","protected":false},"excerpt":{"rendered":"<p>Damasco, SANA El Ministerio de Salud anunci\u00f3 hoy el lanzamiento de la jornada nacional de vacunaci\u00f3n del 14 al 18 de este mes, para los ni\u00f1os menores de cinco a\u00f1os. En un comunicado, el Ministerio llam\u00f3 a los padres para llevar a sus hijos a los centros de salud o equipos m\u00f3viles y llevar la &hellip;<\/p>\n","protected":false},"author":32,"featured_media":141754,"comment_status":"closed","ping_status":"closed","sticky":false,"template":"","format":"standard","meta":{"footnotes":""},"categories":[597,476,7541],"tags":[],"class_list":["post-141752","post","type-post","status-publish","format-standard","has-post-thumbnail","","category-cinta-de-noticias","category-locales","category-ultimas-noticias"],"_links":{"self":[{"href":"https:\/\/archive.sana.sy\/es\/index.php?rest_route=\/wp\/v2\/posts\/141752"}],"collection":[{"href":"https:\/\/archive.sana.sy\/es\/index.php?rest_route=\/wp\/v2\/posts"}],"about":[{"href":"https:\/\/archive.sana.sy\/es\/index.php?rest_route=\/wp\/v2\/types\/post"}],"author":[{"embeddable":true,"href":"https:\/\/archive.sana.sy\/es\/index.php?rest_route=\/wp\/v2\/users\/32"}],"replies":[{"embeddable":true,"href":"https:\/\/archive.sana.sy\/es\/index.php?rest_route=%2Fwp%2Fv2%2Fcomments&post=141752"}],"version-history":[{"count":0,"href":"https:\/\/archive.sana.sy\/es\/index.php?rest_route=\/wp\/v2\/posts\/141752\/revisions"}],"wp:featuredmedia":[{"embeddable":true,"href":"https:\/\/archive.sana.sy\/es\/index.php?rest_route=\/wp\/v2\/media\/141754"}],"wp:attachment":[{"href":"https:\/\/archive.sana.sy\/es\/index.php?rest_route=%2Fwp%2Fv2%2Fmedia&parent=141752"}],"wp:term":[{"taxonomy":"category","embeddable":true,"href":"https:\/\/archive.sana.sy\/es\/index.php?rest_route=%2Fwp%2Fv2%2Fcategories&post=141752"},{"taxonomy":"post_tag","embeddable":true,"href":"https:\/\/archive.sana.sy\/es\/index.php?rest_route=%2Fwp%2Fv2%2Ftags&post=141752"}],"curies":[{"name":"wp","href":"https:\/\/api.w.org\/{rel}","templated":true}]}}