{"id":141773,"date":"2020-06-08T21:10:46","date_gmt":"2020-06-08T18:10:46","guid":{"rendered":"http:\/\/sana.sy\/es\/?p=141773"},"modified":"2020-06-08T22:43:38","modified_gmt":"2020-06-08T19:43:38","slug":"con-tres-nuevos-casos-asciende-a-144-la-cifra-de-infectados-con-covid-19-en-siria","status":"publish","type":"post","link":"https:\/\/archive.sana.sy\/es\/?p=141773","title":{"rendered":"Con tres nuevos casos, asciende a 144 la cifra de infectados con Covid-19 en Siria"},"content":{"rendered":"<p><span style=\"color: #800000;\">Damasco, SANA<\/span><\/p>\n<p style=\"text-align: justify;\">El Ministerio de Salud anunci\u00f3 hoy tres nuevas infecciones con SARS-CoV-2, causante de la enfermedad Covid-19.<\/p>\n<p style=\"text-align: justify;\">\u201cLos nuevos contagiados son contactos de un camionero que trabaja entre Siria y Jordania, y que dio positivo al virus hace tres d\u00edas\u201d, inform\u00f3 el Ministerio en un comunicado.<\/p>\n<p style=\"text-align: justify;\">En la v\u00edspera, el ministerio anunci\u00f3 que 16 personas dieron positivos al virus y son contactos del referido camionero.<\/p>\n<p style=\"text-align: justify;\">El texto agrega que se dio alta m\u00e9dica a cuatro infectados que se recuperaron de la enfermedad.<\/p>\n<p style=\"text-align: justify;\">\u201cEl total de positivos en el pa\u00eds asciende a 144, de los cuales 62 se recuperaron y seis fallecieron\u201d, precis\u00f3 el texto.<\/p>\n<p style=\"text-align: justify;\">El Ministerio decidi\u00f3 la v\u00edspera aislar la localidad de Ras Marah, al norte de Damasco, donde se registr\u00f3 este brote, para impedir la propagaci\u00f3n del virus y preservar la salud p\u00fablica.<\/p>\n<p><span style=\"color: #0000ff;\">FM\/ RR<\/span><\/p>\n","protected":false},"excerpt":{"rendered":"<p>Damasco, SANA El Ministerio de Salud anunci\u00f3 hoy tres nuevas infecciones con SARS-CoV-2, causante de la enfermedad Covid-19. \u201cLos nuevos contagiados son contactos de un camionero que trabaja entre Siria y Jordania, y que dio positivo al virus hace tres d\u00edas\u201d, inform\u00f3 el Ministerio en un comunicado. En la v\u00edspera, el ministerio anunci\u00f3 que 16 &hellip;<\/p>\n","protected":false},"author":31,"featured_media":141774,"comment_status":"closed","ping_status":"closed","sticky":false,"template":"","format":"standard","meta":{"footnotes":""},"categories":[597,476,7541],"tags":[],"class_list":["post-141773","post","type-post","status-publish","format-standard","has-post-thumbnail","","category-cinta-de-noticias","category-locales","category-ultimas-noticias"],"_links":{"self":[{"href":"https:\/\/archive.sana.sy\/es\/index.php?rest_route=\/wp\/v2\/posts\/141773"}],"collection":[{"href":"https:\/\/archive.sana.sy\/es\/index.php?rest_route=\/wp\/v2\/posts"}],"about":[{"href":"https:\/\/archive.sana.sy\/es\/index.php?rest_route=\/wp\/v2\/types\/post"}],"author":[{"embeddable":true,"href":"https:\/\/archive.sana.sy\/es\/index.php?rest_route=\/wp\/v2\/users\/31"}],"replies":[{"embeddable":true,"href":"https:\/\/archive.sana.sy\/es\/index.php?rest_route=%2Fwp%2Fv2%2Fcomments&post=141773"}],"version-history":[{"count":0,"href":"https:\/\/archive.sana.sy\/es\/index.php?rest_route=\/wp\/v2\/posts\/141773\/revisions"}],"wp:featuredmedia":[{"embeddable":true,"href":"https:\/\/archive.sana.sy\/es\/index.php?rest_route=\/wp\/v2\/media\/141774"}],"wp:attachment":[{"href":"https:\/\/archive.sana.sy\/es\/index.php?rest_route=%2Fwp%2Fv2%2Fmedia&parent=141773"}],"wp:term":[{"taxonomy":"category","embeddable":true,"href":"https:\/\/archive.sana.sy\/es\/index.php?rest_route=%2Fwp%2Fv2%2Fcategories&post=141773"},{"taxonomy":"post_tag","embeddable":true,"href":"https:\/\/archive.sana.sy\/es\/index.php?rest_route=%2Fwp%2Fv2%2Ftags&post=141773"}],"curies":[{"name":"wp","href":"https:\/\/api.w.org\/{rel}","templated":true}]}}