{"id":141786,"date":"2020-06-08T22:00:53","date_gmt":"2020-06-08T19:00:53","guid":{"rendered":"http:\/\/sana.sy\/es\/?p=141786"},"modified":"2020-06-08T22:40:05","modified_gmt":"2020-06-08T19:40:05","slug":"141786","status":"publish","type":"post","link":"https:\/\/archive.sana.sy\/es\/?p=141786","title":{"rendered":"Ej\u00e9rcito sirio repele ataques terroristas contra posiciones militares en Hama"},"content":{"rendered":"<p><span style=\"color: #800000;\">Hama, SANA<\/span><\/p>\n<p style=\"text-align: justify;\">Una fuente militar declar\u00f3 hoy que grupos terroristas desplegados en la regi\u00f3n norte de la llanura Al-Ghab en el norte de la provincia central de Hama, atacaron a las 13:30 pm del 9 de junio del a\u00f1o 2020, con veh\u00edculos bombas y suicidas a dos posiciones militares del ej\u00e9rcito sirio ubicados en los poblados de Tanyara y Fatatirah.<\/p>\n<p style=\"text-align: justify;\">Seg\u00fan la fuente, los soldados de las fuerzas armadas sirias hicieron frente a la ofensiva enemiga.<\/p>\n<p style=\"text-align: justify;\">Detall\u00f3 que, tras duros enfrentamientos de varias horas con los terroristas, los soldados sirios lograron recuperar las dos posiciones militares.<\/p>\n<p style=\"text-align: justify;\">\u201cEl ej\u00e9rcito infligi\u00f3 numerosas bajas en las filas de los atacantes y se apoder\u00f3 de sus armas, y adem\u00e1s, les destruy\u00f3 un veh\u00edculo todoterreno equipado con ametralladora\u201d, agreg\u00f3.<\/p>\n<p style=\"text-align: justify;\">Se\u00f1al\u00f3 que los terroristas se dieron a la fuga, abandonando sus armas y el campo de la batalla.<\/p>\n<p style=\"text-align: justify;\">La fuente afirm\u00f3 que un soldado cay\u00f3 m\u00e1rtir y otros resultaron heridos a consecuencia de los choques.<\/p>\n<p>Y.K.\/ F.M.<\/p>\n<div id='gallery-1' class='gallery galleryid-141786 gallery-columns-3 gallery-size-thumbnail'><figure class='gallery-item'>\n\t\t\t<div class='gallery-icon portrait'>\n\t\t\t\t<a href='https:\/\/archive.sana.sy\/es\/wp-content\/uploads\/2020\/06\/4-67.jpg'><img loading=\"lazy\" decoding=\"async\" width=\"109\" height=\"150\" src=\"https:\/\/archive.sana.sy\/es\/wp-content\/uploads\/2020\/06\/4-67-109x150.jpg\" class=\"attachment-thumbnail size-thumbnail\" alt=\"\" srcset=\"https:\/\/archive.sana.sy\/es\/wp-content\/uploads\/2020\/06\/4-67-109x150.jpg 109w, https:\/\/archive.sana.sy\/es\/wp-content\/uploads\/2020\/06\/4-67-219x300.jpg 219w, https:\/\/archive.sana.sy\/es\/wp-content\/uploads\/2020\/06\/4-67.jpg 660w\" sizes=\"(max-width: 109px) 100vw, 109px\" \/><\/a>\n\t\t\t<\/div><\/figure><figure class='gallery-item'>\n\t\t\t<div class='gallery-icon portrait'>\n\t\t\t\t<a href='https:\/\/archive.sana.sy\/es\/wp-content\/uploads\/2020\/06\/5-67.jpg'><img loading=\"lazy\" decoding=\"async\" width=\"105\" height=\"150\" src=\"https:\/\/archive.sana.sy\/es\/wp-content\/uploads\/2020\/06\/5-67-105x150.jpg\" class=\"attachment-thumbnail size-thumbnail\" alt=\"\" srcset=\"https:\/\/archive.sana.sy\/es\/wp-content\/uploads\/2020\/06\/5-67-105x150.jpg 105w, https:\/\/archive.sana.sy\/es\/wp-content\/uploads\/2020\/06\/5-67-210x300.jpg 210w, https:\/\/archive.sana.sy\/es\/wp-content\/uploads\/2020\/06\/5-67.jpg 660w\" sizes=\"(max-width: 105px) 100vw, 105px\" \/><\/a>\n\t\t\t<\/div><\/figure><figure class='gallery-item'>\n\t\t\t<div class='gallery-icon portrait'>\n\t\t\t\t<a href='https:\/\/archive.sana.sy\/es\/wp-content\/uploads\/2020\/06\/2-98.jpg'><img loading=\"lazy\" decoding=\"async\" width=\"84\" height=\"150\" src=\"https:\/\/archive.sana.sy\/es\/wp-content\/uploads\/2020\/06\/2-98-84x150.jpg\" class=\"attachment-thumbnail size-thumbnail\" alt=\"\" srcset=\"https:\/\/archive.sana.sy\/es\/wp-content\/uploads\/2020\/06\/2-98-84x150.jpg 84w, https:\/\/archive.sana.sy\/es\/wp-content\/uploads\/2020\/06\/2-98-169x300.jpg 169w, https:\/\/archive.sana.sy\/es\/wp-content\/uploads\/2020\/06\/2-98-576x1024.jpg 576w, https:\/\/archive.sana.sy\/es\/wp-content\/uploads\/2020\/06\/2-98.jpg 660w\" sizes=\"(max-width: 84px) 100vw, 84px\" \/><\/a>\n\t\t\t<\/div><\/figure><figure class='gallery-item'>\n\t\t\t<div class='gallery-icon portrait'>\n\t\t\t\t<a href='https:\/\/archive.sana.sy\/es\/wp-content\/uploads\/2020\/06\/3-72.jpg'><img loading=\"lazy\" decoding=\"async\" width=\"114\" height=\"150\" src=\"https:\/\/archive.sana.sy\/es\/wp-content\/uploads\/2020\/06\/3-72-114x150.jpg\" class=\"attachment-thumbnail size-thumbnail\" alt=\"\" srcset=\"https:\/\/archive.sana.sy\/es\/wp-content\/uploads\/2020\/06\/3-72-114x150.jpg 114w, https:\/\/archive.sana.sy\/es\/wp-content\/uploads\/2020\/06\/3-72-228x300.jpg 228w, https:\/\/archive.sana.sy\/es\/wp-content\/uploads\/2020\/06\/3-72.jpg 660w\" sizes=\"(max-width: 114px) 100vw, 114px\" \/><\/a>\n\t\t\t<\/div><\/figure><figure class='gallery-item'>\n\t\t\t<div class='gallery-icon landscape'>\n\t\t\t\t<a href='https:\/\/archive.sana.sy\/es\/wp-content\/uploads\/2020\/06\/02-17.jpg'><img loading=\"lazy\" decoding=\"async\" width=\"150\" height=\"84\" src=\"https:\/\/archive.sana.sy\/es\/wp-content\/uploads\/2020\/06\/02-17-150x84.jpg\" class=\"attachment-thumbnail size-thumbnail\" alt=\"\" srcset=\"https:\/\/archive.sana.sy\/es\/wp-content\/uploads\/2020\/06\/02-17-150x84.jpg 150w, https:\/\/archive.sana.sy\/es\/wp-content\/uploads\/2020\/06\/02-17-300x169.jpg 300w, https:\/\/archive.sana.sy\/es\/wp-content\/uploads\/2020\/06\/02-17.jpg 660w\" sizes=\"(max-width: 150px) 100vw, 150px\" \/><\/a>\n\t\t\t<\/div><\/figure>\n\t\t<\/div>\n\n<p>&nbsp;<\/p>\n","protected":false},"excerpt":{"rendered":"<p>Hama, SANA Una fuente militar declar\u00f3 hoy que grupos terroristas desplegados en la regi\u00f3n norte de la llanura Al-Ghab en el norte de la provincia central de Hama, atacaron a las 13:30 pm del 9 de junio del a\u00f1o 2020, con veh\u00edculos bombas y suicidas a dos posiciones militares del ej\u00e9rcito sirio ubicados en los &hellip;<\/p>\n","protected":false},"author":1,"featured_media":141789,"comment_status":"closed","ping_status":"closed","sticky":false,"template":"","format":"standard","meta":{"footnotes":""},"categories":[597,573,7541,1],"tags":[],"class_list":["post-141786","post","type-post","status-publish","format-standard","has-post-thumbnail","","category-cinta-de-noticias","category-la-realidad-de-los-acontecimientos-en-siria","category-ultimas-noticias","category-news-not-sorted"],"_links":{"self":[{"href":"https:\/\/archive.sana.sy\/es\/index.php?rest_route=\/wp\/v2\/posts\/141786"}],"collection":[{"href":"https:\/\/archive.sana.sy\/es\/index.php?rest_route=\/wp\/v2\/posts"}],"about":[{"href":"https:\/\/archive.sana.sy\/es\/index.php?rest_route=\/wp\/v2\/types\/post"}],"author":[{"embeddable":true,"href":"https:\/\/archive.sana.sy\/es\/index.php?rest_route=\/wp\/v2\/users\/1"}],"replies":[{"embeddable":true,"href":"https:\/\/archive.sana.sy\/es\/index.php?rest_route=%2Fwp%2Fv2%2Fcomments&post=141786"}],"version-history":[{"count":0,"href":"https:\/\/archive.sana.sy\/es\/index.php?rest_route=\/wp\/v2\/posts\/141786\/revisions"}],"wp:featuredmedia":[{"embeddable":true,"href":"https:\/\/archive.sana.sy\/es\/index.php?rest_route=\/wp\/v2\/media\/141789"}],"wp:attachment":[{"href":"https:\/\/archive.sana.sy\/es\/index.php?rest_route=%2Fwp%2Fv2%2Fmedia&parent=141786"}],"wp:term":[{"taxonomy":"category","embeddable":true,"href":"https:\/\/archive.sana.sy\/es\/index.php?rest_route=%2Fwp%2Fv2%2Fcategories&post=141786"},{"taxonomy":"post_tag","embeddable":true,"href":"https:\/\/archive.sana.sy\/es\/index.php?rest_route=%2Fwp%2Fv2%2Ftags&post=141786"}],"curies":[{"name":"wp","href":"https:\/\/api.w.org\/{rel}","templated":true}]}}