{"id":141804,"date":"2020-06-08T21:50:23","date_gmt":"2020-06-08T18:50:23","guid":{"rendered":"http:\/\/sana.sy\/es\/?p=141804"},"modified":"2020-06-08T22:40:35","modified_gmt":"2020-06-08T19:40:35","slug":"terrorista-confiesa-espiar-por-inteligencia-britanica-en-siria","status":"publish","type":"post","link":"https:\/\/archive.sana.sy\/es\/?p=141804","title":{"rendered":"La inteligencia brit\u00e1nica reclut\u00f3 a terroristas para espiar a posiciones militares rusas y sirias"},"content":{"rendered":"<p><span style=\"color: #800000;\">Mosc\u00fa, SANA<\/span><\/p>\n<p style=\"text-align: justify;\">El terrorista Mohamad Husien Saud, integrante de la organizaci\u00f3n terrorista del Estado Isl\u00e1mico (Daesh, por sus siglas en \u00e1rabe) confes\u00f3 que la inteligencia brit\u00e1nica lo reclut\u00f3 para espiar y fotografiar posiciones militares sirias y rusas en el territorio sirio con el fin de perpetrar ataques contra ellas.<\/p>\n<p style=\"text-align: justify;\">En confesiones divulgadas por la agencia rusa de noticias TASS, el terrorista Saud confes\u00f3 que la inteligencia brit\u00e1nica reclut\u00f3 terroristas y les asign\u00f3 la tarea de recoger informaci\u00f3n sobre las instalaciones militares rusas en Siria, y se\u00f1al\u00f3 que \u00e9l fue reclutado tras regresar a Palmira.<\/p>\n<p style=\"text-align: justify;\">\u201cLa inteligencia brit\u00e1nica me pidi\u00f3 trabajar como esp\u00eda mediante unos intermediarios y me dijo que me iban a ayudar y pidi\u00f3 que yo fuera a Palmira, y all\u00ed me garantizaba el dinero y m\u00f3viles y todo lo que necesitaba\u201d, relat\u00f3.<\/p>\n<p style=\"text-align: justify;\">Detall\u00f3 que su misi\u00f3n era tomar fotos de las posiciones del ej\u00e9rcito sirio y ruso en Palmira y enviarlas por Internet.<\/p>\n<p style=\"text-align: justify;\">Agreg\u00f3 que se hab\u00eda encontrado con oficiales de la inteligencia brit\u00e1nica en la zona de Tanef, en la frontera sirio-jordana, y ocupada por tropas estadounidenses, donde combati\u00f3 por un tiempo en las filas del Daesh.<\/p>\n<p style=\"text-align: justify;\">\u201cLos agentes de la inteligencia brit\u00e1nica insistieron en obtener informaci\u00f3n sobre las posiciones importantes de Rusia en Siria, en particular lo relacionado con la protecci\u00f3n de las posiciones para poder llevar a cabo operaciones militares en su contra\u201d, afirm\u00f3.<\/p>\n<p><span style=\"color: #0000ff;\">Y.K.\/ F.M.<\/span><\/p>\n","protected":false},"excerpt":{"rendered":"<p>Mosc\u00fa, SANA El terrorista Mohamad Husien Saud, integrante de la organizaci\u00f3n terrorista del Estado Isl\u00e1mico (Daesh, por sus siglas en \u00e1rabe) confes\u00f3 que la inteligencia brit\u00e1nica lo reclut\u00f3 para espiar y fotografiar posiciones militares sirias y rusas en el territorio sirio con el fin de perpetrar ataques contra ellas. En confesiones divulgadas por la agencia &hellip;<\/p>\n","protected":false},"author":1,"featured_media":141805,"comment_status":"closed","ping_status":"closed","sticky":false,"template":"","format":"standard","meta":{"footnotes":""},"categories":[597,467,7541],"tags":[],"class_list":["post-141804","post","type-post","status-publish","format-standard","has-post-thumbnail","","category-cinta-de-noticias","category-siria-y-el-mundo","category-ultimas-noticias"],"_links":{"self":[{"href":"https:\/\/archive.sana.sy\/es\/index.php?rest_route=\/wp\/v2\/posts\/141804"}],"collection":[{"href":"https:\/\/archive.sana.sy\/es\/index.php?rest_route=\/wp\/v2\/posts"}],"about":[{"href":"https:\/\/archive.sana.sy\/es\/index.php?rest_route=\/wp\/v2\/types\/post"}],"author":[{"embeddable":true,"href":"https:\/\/archive.sana.sy\/es\/index.php?rest_route=\/wp\/v2\/users\/1"}],"replies":[{"embeddable":true,"href":"https:\/\/archive.sana.sy\/es\/index.php?rest_route=%2Fwp%2Fv2%2Fcomments&post=141804"}],"version-history":[{"count":0,"href":"https:\/\/archive.sana.sy\/es\/index.php?rest_route=\/wp\/v2\/posts\/141804\/revisions"}],"wp:featuredmedia":[{"embeddable":true,"href":"https:\/\/archive.sana.sy\/es\/index.php?rest_route=\/wp\/v2\/media\/141805"}],"wp:attachment":[{"href":"https:\/\/archive.sana.sy\/es\/index.php?rest_route=%2Fwp%2Fv2%2Fmedia&parent=141804"}],"wp:term":[{"taxonomy":"category","embeddable":true,"href":"https:\/\/archive.sana.sy\/es\/index.php?rest_route=%2Fwp%2Fv2%2Fcategories&post=141804"},{"taxonomy":"post_tag","embeddable":true,"href":"https:\/\/archive.sana.sy\/es\/index.php?rest_route=%2Fwp%2Fv2%2Ftags&post=141804"}],"curies":[{"name":"wp","href":"https:\/\/api.w.org\/{rel}","templated":true}]}}