{"id":141925,"date":"2020-06-09T21:16:46","date_gmt":"2020-06-09T18:16:46","guid":{"rendered":"http:\/\/sana.sy\/es\/?p=141925"},"modified":"2020-06-09T21:16:46","modified_gmt":"2020-06-09T18:16:46","slug":"confirman-dos-nuevos-casos-por-covid-19-para-un-total-de-146","status":"publish","type":"post","link":"https:\/\/archive.sana.sy\/es\/?p=141925","title":{"rendered":"Confirman dos nuevos casos por Covid-19 para un total de 146"},"content":{"rendered":"<p><span style=\"color: #800000;\">Damasco, SANA<\/span><\/p>\n<p style=\"text-align: justify;\">El Ministerio de Salud notific\u00f3 este martes dos nuevos casos positivos por Covid-9 en la localidad de Ras Marah, en las afueras de Damasco.<\/p>\n<p style=\"text-align: justify;\">\u201cLos nuevos casos registrados son contactos de un camionero que trabaja entre Siria y Jordania, y que dio positivo al virus hace unos d\u00edas\u201d, inform\u00f3 el Ministerio por medio de un comunicado.<\/p>\n<p style=\"text-align: justify;\">Anteriormente, el ministerio decidi\u00f3 aislar la localidad de Ras Marah, al norte de Damasco, donde se registr\u00f3 este brote, para impedir la propagaci\u00f3n del virus y preservar la salud p\u00fablica.<\/p>\n<p style=\"text-align: justify;\">\u201cEl total de positivos en el pa\u00eds asciende a 146, de los cuales 62 se recuperaron y seis fallecieron\u201d, agrega la nota.<\/p>\n<p>&nbsp;<\/p>\n<p>M.M<\/p>\n","protected":false},"excerpt":{"rendered":"<p>Damasco, SANA El Ministerio de Salud notific\u00f3 este martes dos nuevos casos positivos por Covid-9 en la localidad de Ras Marah, en las afueras de Damasco. \u201cLos nuevos casos registrados son contactos de un camionero que trabaja entre Siria y Jordania, y que dio positivo al virus hace unos d\u00edas\u201d, inform\u00f3 el Ministerio por medio &hellip;<\/p>\n","protected":false},"author":36,"featured_media":141926,"comment_status":"closed","ping_status":"closed","sticky":false,"template":"","format":"standard","meta":{"footnotes":""},"categories":[597,7541],"tags":[17865],"class_list":["post-141925","post","type-post","status-publish","format-standard","has-post-thumbnail","","category-cinta-de-noticias","category-ultimas-noticias","tag-covid-19"],"_links":{"self":[{"href":"https:\/\/archive.sana.sy\/es\/index.php?rest_route=\/wp\/v2\/posts\/141925"}],"collection":[{"href":"https:\/\/archive.sana.sy\/es\/index.php?rest_route=\/wp\/v2\/posts"}],"about":[{"href":"https:\/\/archive.sana.sy\/es\/index.php?rest_route=\/wp\/v2\/types\/post"}],"author":[{"embeddable":true,"href":"https:\/\/archive.sana.sy\/es\/index.php?rest_route=\/wp\/v2\/users\/36"}],"replies":[{"embeddable":true,"href":"https:\/\/archive.sana.sy\/es\/index.php?rest_route=%2Fwp%2Fv2%2Fcomments&post=141925"}],"version-history":[{"count":0,"href":"https:\/\/archive.sana.sy\/es\/index.php?rest_route=\/wp\/v2\/posts\/141925\/revisions"}],"wp:featuredmedia":[{"embeddable":true,"href":"https:\/\/archive.sana.sy\/es\/index.php?rest_route=\/wp\/v2\/media\/141926"}],"wp:attachment":[{"href":"https:\/\/archive.sana.sy\/es\/index.php?rest_route=%2Fwp%2Fv2%2Fmedia&parent=141925"}],"wp:term":[{"taxonomy":"category","embeddable":true,"href":"https:\/\/archive.sana.sy\/es\/index.php?rest_route=%2Fwp%2Fv2%2Fcategories&post=141925"},{"taxonomy":"post_tag","embeddable":true,"href":"https:\/\/archive.sana.sy\/es\/index.php?rest_route=%2Fwp%2Fv2%2Ftags&post=141925"}],"curies":[{"name":"wp","href":"https:\/\/api.w.org\/{rel}","templated":true}]}}