{"id":141969,"date":"2020-06-10T12:10:27","date_gmt":"2020-06-10T09:10:27","guid":{"rendered":"http:\/\/sana.sy\/es\/?p=141969"},"modified":"2020-06-10T12:10:27","modified_gmt":"2020-06-10T09:10:27","slug":"campana-de-sensibilizacion-resalta-experiencias-de-recuperados-del-cancer-en-siria","status":"publish","type":"post","link":"https:\/\/archive.sana.sy\/es\/?p=141969","title":{"rendered":"Campa\u00f1a de sensibilizaci\u00f3n resalta experiencias de recuperados del c\u00e1ncer en Siria"},"content":{"rendered":"<p style=\"text-align: justify;\"><strong><span style=\"color: #800000;\">Latakia ,SANA<\/span><\/strong><\/p>\n<p style=\"text-align: justify;\"><strong><span style=\"color: #800000;\">\u00a0<\/span><\/strong>El equipo de j\u00f3venes voluntarios \u201cWe Care\u201d lanz\u00f3 una campa\u00f1a con motivo del D\u00eda Internacional de los Sobrevivientes del C\u00e1ncer.<\/p>\n<p style=\"text-align: justify;\">La iniciativa que llev\u00f3 el nombre \u201ceres m\u00e1s fuerte que el c\u00e1ncer\u201d tiene el objetivo de difundir el concepto de Sobrevivir al c\u00e1ncer y la posibilidad de superar esa enfermedad, crear conciencia sobre la importancia su la detecci\u00f3n temprana y las medidas de tratamiento.<\/p>\n<p style=\"text-align: justify;\">\u201cEs hora de que nos demos cuenta que el c\u00e1ncer es una enfermedad curable, a pesar de la dificultad de la batalla que libra el paciente, pero la confianza y el coraje lo har\u00e1n superar esa enfermedad\u201d, public\u00f3 el equipo en su p\u00e1gina de Facebook.<\/p>\n<p style=\"text-align: justify;\">Lama Mahfoud, una joven de 17 a\u00f1os, explic\u00f3 que hab\u00eda estado luchando contra el c\u00e1ncer durante un a\u00f1o completo y quer\u00eda, a trav\u00e9s de su participaci\u00f3n en la campa\u00f1a, enviar un mensaje de solidaridad a todos los ni\u00f1os enfermos para confirmar que fue capaz de superar esa enfermedad gracias a su fuerte voluntad.<\/p>\n<p style=\"text-align: justify;\">Se\u00f1al\u00f3 que en este viaje no hay rendici\u00f3n ni debilidad, y el paciente debe tener fe y estar seguro de su capacidad para vencer la enfermedad.<\/p>\n<div id='gallery-1' class='gallery galleryid-141969 gallery-columns-1 gallery-size-full'><figure class='gallery-item'>\n\t\t\t<div class='gallery-icon landscape'>\n\t\t\t\t<a href='https:\/\/archive.sana.sy\/es\/?attachment_id=141975'><img loading=\"lazy\" decoding=\"async\" width=\"300\" height=\"205\" src=\"https:\/\/archive.sana.sy\/es\/wp-content\/uploads\/2020\/06\/4_5978616659538085177-300x205-2.jpg\" class=\"attachment-full size-full\" alt=\"\" srcset=\"https:\/\/archive.sana.sy\/es\/wp-content\/uploads\/2020\/06\/4_5978616659538085177-300x205-2.jpg 300w, https:\/\/archive.sana.sy\/es\/wp-content\/uploads\/2020\/06\/4_5978616659538085177-300x205-2-150x103.jpg 150w, https:\/\/archive.sana.sy\/es\/wp-content\/uploads\/2020\/06\/4_5978616659538085177-300x205-2-110x75.jpg 110w\" sizes=\"(max-width: 300px) 100vw, 300px\" \/><\/a>\n\t\t\t<\/div><\/figure><figure class='gallery-item'>\n\t\t\t<div class='gallery-icon landscape'>\n\t\t\t\t<a href='https:\/\/archive.sana.sy\/es\/?attachment_id=141974'><img loading=\"lazy\" decoding=\"async\" width=\"150\" height=\"150\" src=\"https:\/\/archive.sana.sy\/es\/wp-content\/uploads\/2020\/06\/photo_2020-06-09_12-29-29-150x150-1.jpg\" class=\"attachment-full size-full\" alt=\"\" \/><\/a>\n\t\t\t<\/div><\/figure><figure class='gallery-item'>\n\t\t\t<div class='gallery-icon landscape'>\n\t\t\t\t<a href='https:\/\/archive.sana.sy\/es\/?attachment_id=141972'><img loading=\"lazy\" decoding=\"async\" width=\"150\" height=\"150\" src=\"https:\/\/archive.sana.sy\/es\/wp-content\/uploads\/2020\/06\/4_5981209200582199236-150x150-1.jpg\" class=\"attachment-full size-full\" alt=\"\" \/><\/a>\n\t\t\t<\/div><\/figure><figure class='gallery-item'>\n\t\t\t<div class='gallery-icon landscape'>\n\t\t\t\t<a href='https:\/\/archive.sana.sy\/es\/?attachment_id=141977'><img loading=\"lazy\" decoding=\"async\" width=\"150\" height=\"150\" src=\"https:\/\/archive.sana.sy\/es\/wp-content\/uploads\/2020\/06\/4_5981209200582199237-150x150-2.jpg\" class=\"attachment-full size-full\" alt=\"\" \/><\/a>\n\t\t\t<\/div><\/figure>\n\t\t<\/div>\n\n<p style=\"text-align: justify;\"><strong><span style=\"color: #0000ff;\">W.S\/F.M<\/span><\/strong><\/p>\n","protected":false},"excerpt":{"rendered":"<p>Latakia ,SANA \u00a0El equipo de j\u00f3venes voluntarios \u201cWe Care\u201d lanz\u00f3 una campa\u00f1a con motivo del D\u00eda Internacional de los Sobrevivientes del C\u00e1ncer. La iniciativa que llev\u00f3 el nombre \u201ceres m\u00e1s fuerte que el c\u00e1ncer\u201d tiene el objetivo de difundir el concepto de Sobrevivir al c\u00e1ncer y la posibilidad de superar esa enfermedad, crear conciencia sobre &hellip;<\/p>\n","protected":false},"author":35,"featured_media":141970,"comment_status":"closed","ping_status":"closed","sticky":false,"template":"","format":"standard","meta":{"footnotes":""},"categories":[597,476,7541],"tags":[],"class_list":["post-141969","post","type-post","status-publish","format-standard","has-post-thumbnail","","category-cinta-de-noticias","category-locales","category-ultimas-noticias"],"_links":{"self":[{"href":"https:\/\/archive.sana.sy\/es\/index.php?rest_route=\/wp\/v2\/posts\/141969"}],"collection":[{"href":"https:\/\/archive.sana.sy\/es\/index.php?rest_route=\/wp\/v2\/posts"}],"about":[{"href":"https:\/\/archive.sana.sy\/es\/index.php?rest_route=\/wp\/v2\/types\/post"}],"author":[{"embeddable":true,"href":"https:\/\/archive.sana.sy\/es\/index.php?rest_route=\/wp\/v2\/users\/35"}],"replies":[{"embeddable":true,"href":"https:\/\/archive.sana.sy\/es\/index.php?rest_route=%2Fwp%2Fv2%2Fcomments&post=141969"}],"version-history":[{"count":0,"href":"https:\/\/archive.sana.sy\/es\/index.php?rest_route=\/wp\/v2\/posts\/141969\/revisions"}],"wp:featuredmedia":[{"embeddable":true,"href":"https:\/\/archive.sana.sy\/es\/index.php?rest_route=\/wp\/v2\/media\/141970"}],"wp:attachment":[{"href":"https:\/\/archive.sana.sy\/es\/index.php?rest_route=%2Fwp%2Fv2%2Fmedia&parent=141969"}],"wp:term":[{"taxonomy":"category","embeddable":true,"href":"https:\/\/archive.sana.sy\/es\/index.php?rest_route=%2Fwp%2Fv2%2Fcategories&post=141969"},{"taxonomy":"post_tag","embeddable":true,"href":"https:\/\/archive.sana.sy\/es\/index.php?rest_route=%2Fwp%2Fv2%2Ftags&post=141969"}],"curies":[{"name":"wp","href":"https:\/\/api.w.org\/{rel}","templated":true}]}}