{"id":141986,"date":"2020-06-10T10:05:02","date_gmt":"2020-06-10T07:05:02","guid":{"rendered":"http:\/\/sana.sy\/es\/?p=141986"},"modified":"2023-01-12T14:44:07","modified_gmt":"2023-01-12T12:44:07","slug":"ejercito-israeli-incursiona-en-el-norte-de-la-asediada-franja-de-gaza","status":"publish","type":"post","link":"https:\/\/archive.sana.sy\/es\/?p=141986","title":{"rendered":"Ej\u00e9rcito israel\u00ed incursiona en el norte de la asediada Franja de Gaza"},"content":{"rendered":"<p style=\"text-align: justify;\"><span style=\"color: #800000;\"><strong>Jerusal\u00e9n ocupada, SANA<\/strong><\/span><\/p>\n<p style=\"text-align: justify;\">Los veh\u00edculos del ej\u00e9rcito de ocupaci\u00f3n israel\u00ed incursionaron el norte de la ciudad de Beit Lahiya, situada en el norte de la asediada Franja de Gaza.<\/p>\n<p style=\"text-align: justify;\">Seg\u00fan medios palestinos, cinco veh\u00edculos del ocupaci\u00f3n participaron en la incursi\u00f3n en la que fueron arrasadas tierras agr\u00edcolas.<\/p>\n<p style=\"text-align: justify;\">El ocupante israel\u00ed lanza acciones hostiles de forma diaria contra la Franja de Gaza privando a los agricultores de sus tierras.<\/p>\n<p style=\"text-align: justify;\"><strong><span style=\"color: #0000ff;\">E.D\/ F.M<\/span><\/strong><\/p>\n","protected":false},"excerpt":{"rendered":"<p>Jerusal\u00e9n ocupada, SANA Los veh\u00edculos del ej\u00e9rcito de ocupaci\u00f3n israel\u00ed incursionaron el norte de la ciudad de Beit Lahiya, situada en el norte de la asediada Franja de Gaza. Seg\u00fan medios palestinos, cinco veh\u00edculos del ocupaci\u00f3n participaron en la incursi\u00f3n en la que fueron arrasadas tierras agr\u00edcolas. El ocupante israel\u00ed lanza acciones hostiles de forma &hellip;<\/p>\n","protected":false},"author":32,"featured_media":141987,"comment_status":"closed","ping_status":"closed","sticky":false,"template":"","format":"standard","meta":{"footnotes":""},"categories":[597,456,7541],"tags":[],"class_list":["post-141986","post","type-post","status-publish","format-standard","has-post-thumbnail","","category-cinta-de-noticias","category-arabe-internacional-politica","category-ultimas-noticias"],"_links":{"self":[{"href":"https:\/\/archive.sana.sy\/es\/index.php?rest_route=\/wp\/v2\/posts\/141986"}],"collection":[{"href":"https:\/\/archive.sana.sy\/es\/index.php?rest_route=\/wp\/v2\/posts"}],"about":[{"href":"https:\/\/archive.sana.sy\/es\/index.php?rest_route=\/wp\/v2\/types\/post"}],"author":[{"embeddable":true,"href":"https:\/\/archive.sana.sy\/es\/index.php?rest_route=\/wp\/v2\/users\/32"}],"replies":[{"embeddable":true,"href":"https:\/\/archive.sana.sy\/es\/index.php?rest_route=%2Fwp%2Fv2%2Fcomments&post=141986"}],"version-history":[{"count":0,"href":"https:\/\/archive.sana.sy\/es\/index.php?rest_route=\/wp\/v2\/posts\/141986\/revisions"}],"wp:featuredmedia":[{"embeddable":true,"href":"https:\/\/archive.sana.sy\/es\/index.php?rest_route=\/wp\/v2\/media\/141987"}],"wp:attachment":[{"href":"https:\/\/archive.sana.sy\/es\/index.php?rest_route=%2Fwp%2Fv2%2Fmedia&parent=141986"}],"wp:term":[{"taxonomy":"category","embeddable":true,"href":"https:\/\/archive.sana.sy\/es\/index.php?rest_route=%2Fwp%2Fv2%2Fcategories&post=141986"},{"taxonomy":"post_tag","embeddable":true,"href":"https:\/\/archive.sana.sy\/es\/index.php?rest_route=%2Fwp%2Fv2%2Ftags&post=141986"}],"curies":[{"name":"wp","href":"https:\/\/api.w.org\/{rel}","templated":true}]}}