{"id":14207,"date":"2014-12-13T13:26:27","date_gmt":"2014-12-13T11:26:27","guid":{"rendered":"http:\/\/www.sana.sy\/es\/?p=14207"},"modified":"2014-12-13T13:26:27","modified_gmt":"2014-12-13T11:26:27","slug":"lavrov-y-kerry-examinan-el-proximo-lunes-las-crisis-en-siria-y-ucrania","status":"publish","type":"post","link":"https:\/\/archive.sana.sy\/es\/?p=14207","title":{"rendered":"Lavrov y Kerry examinan el pr\u00f3ximo lunes, las crisis en Siria y Ucrania"},"content":{"rendered":"<p>Washington, SANA<\/p>\n<p>El Departamento de Estado de Estados Unidos anunci\u00f3 que el Secretario de Estado estadounidense, John Kerry, debatir\u00e1 con su hom\u00f3logo ruso, Sergei Lavrov, en Roma el pr\u00f3ximo lunes, la situaci\u00f3n en Oriente Medio y la crisis en Siria y la situaci\u00f3n en Ucrania.<\/p>\n<p>La portavoz del Departamento de Estado, Mary Harff, declar\u00f3 que &#8220;los dos ministros discutir\u00e1n los recientes acontecimientos en \u201cIsrael\u201d, Cisjordania, Jerusal\u00e9n y la regi\u00f3n, adem\u00e1s de las iniciativas en las Naciones Unidas.&#8221;<\/p>\n<p>Harff agreg\u00f3 que los dos debatir\u00e1n tambi\u00e9n la situaci\u00f3n en Ucrania y Siria.<br \/>\nFady M., Lynn A.<\/p>\n","protected":false},"excerpt":{"rendered":"<p>Washington, SANA El Departamento de Estado de Estados Unidos anunci\u00f3 que el Secretario de Estado estadounidense, John Kerry, debatir\u00e1 con su hom\u00f3logo ruso, Sergei Lavrov, en Roma el pr\u00f3ximo lunes, la situaci\u00f3n en Oriente Medio y la crisis en Siria y la situaci\u00f3n en Ucrania. La portavoz del Departamento de Estado, Mary Harff, declar\u00f3 que &hellip;<\/p>\n","protected":false},"author":24,"featured_media":14208,"comment_status":"closed","ping_status":"closed","sticky":false,"template":"","format":"standard","meta":{"footnotes":""},"categories":[597,456,457,576],"tags":[3237,3236],"class_list":["post-14207","post","type-post","status-publish","format-standard","has-post-thumbnail","","category-cinta-de-noticias","category-arabe-internacional-politica","category-noticias-arabe-internacional-politica","category-noticias-politicas","tag-las-crisis-en-siria-y-ucrania","tag-lavrov-y-kerry-examinan-el-proximo-lunes"],"_links":{"self":[{"href":"https:\/\/archive.sana.sy\/es\/index.php?rest_route=\/wp\/v2\/posts\/14207"}],"collection":[{"href":"https:\/\/archive.sana.sy\/es\/index.php?rest_route=\/wp\/v2\/posts"}],"about":[{"href":"https:\/\/archive.sana.sy\/es\/index.php?rest_route=\/wp\/v2\/types\/post"}],"author":[{"embeddable":true,"href":"https:\/\/archive.sana.sy\/es\/index.php?rest_route=\/wp\/v2\/users\/24"}],"replies":[{"embeddable":true,"href":"https:\/\/archive.sana.sy\/es\/index.php?rest_route=%2Fwp%2Fv2%2Fcomments&post=14207"}],"version-history":[{"count":0,"href":"https:\/\/archive.sana.sy\/es\/index.php?rest_route=\/wp\/v2\/posts\/14207\/revisions"}],"wp:featuredmedia":[{"embeddable":true,"href":"https:\/\/archive.sana.sy\/es\/index.php?rest_route=\/wp\/v2\/media\/14208"}],"wp:attachment":[{"href":"https:\/\/archive.sana.sy\/es\/index.php?rest_route=%2Fwp%2Fv2%2Fmedia&parent=14207"}],"wp:term":[{"taxonomy":"category","embeddable":true,"href":"https:\/\/archive.sana.sy\/es\/index.php?rest_route=%2Fwp%2Fv2%2Fcategories&post=14207"},{"taxonomy":"post_tag","embeddable":true,"href":"https:\/\/archive.sana.sy\/es\/index.php?rest_route=%2Fwp%2Fv2%2Ftags&post=14207"}],"curies":[{"name":"wp","href":"https:\/\/api.w.org\/{rel}","templated":true}]}}