{"id":142102,"date":"2020-06-11T08:03:38","date_gmt":"2020-06-11T05:03:38","guid":{"rendered":"http:\/\/sana.sy\/es\/?p=142102"},"modified":"2023-01-12T14:44:06","modified_gmt":"2023-01-12T12:44:06","slug":"pyongyang-washington-debe-ajustar-su-lenguaje-a-menos-que-quiera-probar-algo-desagradable","status":"publish","type":"post","link":"https:\/\/archive.sana.sy\/es\/?p=142102","title":{"rendered":"Pyongyang: Washington debe ajustar su lenguaje a menos que quiera probar algo desagradable"},"content":{"rendered":"<p style=\"text-align: justify;\"><strong><span style=\"color: #800000;\">Pyongyang, SANA<\/span><\/strong><\/p>\n<p style=\"text-align: justify;\">La Rep\u00fablica Popular Democr\u00e1tica de Corea (RPDC) destac\u00f3 hoy que Estados Unidos deber\u00eda tratar sus problemas internos en lugar de interferir en los asuntos de los dem\u00e1s, especialmente las relaciones entre Pyongyang y Se\u00fal.<\/p>\n<p style=\"text-align: justify;\">\u201cNadie tiene derecho a interferir en las relaciones bilaterales entre las dos Coreas\u201d, dijo Kwon Jong Joon, director de los asuntos americanos en la canciller\u00eda de RPDC.<\/p>\n<p style=\"text-align: justify;\">Indic\u00f3 que &#8220;Estados Unidos enfrentar\u00eda algo desagradable si mete su nariz en los asuntos de los dem\u00e1s con frases extraviadas y no se preocupa por sus asuntos internos en un momento en que enfrenta una p\u00e9sima situaci\u00f3n pol\u00edtica por los peores disturbios\u201d.<\/p>\n<p style=\"text-align: justify;\">Enfatiz\u00f3 que Washington debe &#8220;controlar su lenguaje y tratar sus problemas internos, si no quiere probar algo molesto&#8221;.<\/p>\n<p style=\"text-align: justify;\">Los comentarios del funcionario norcoreano se producen despu\u00e9s de que Estados Unidos expres\u00f3 su descontento por el hecho que Pyongyang cortara todas las formas de comunicaci\u00f3n con Corea del Sur en el contexto de las acciones hostiles de Se\u00fal y su transmisi\u00f3n continua de publicaciones hostiles a trav\u00e9s de la frontera.<\/p>\n<p style=\"text-align: justify;\"><strong><span style=\"color: #0000ff;\">F.M\/ E.D<\/span><\/strong><\/p>\n","protected":false},"excerpt":{"rendered":"<p>Pyongyang, SANA La Rep\u00fablica Popular Democr\u00e1tica de Corea (RPDC) destac\u00f3 hoy que Estados Unidos deber\u00eda tratar sus problemas internos en lugar de interferir en los asuntos de los dem\u00e1s, especialmente las relaciones entre Pyongyang y Se\u00fal. \u201cNadie tiene derecho a interferir en las relaciones bilaterales entre las dos Coreas\u201d, dijo Kwon Jong Joon, director de &hellip;<\/p>\n","protected":false},"author":32,"featured_media":142103,"comment_status":"closed","ping_status":"closed","sticky":false,"template":"","format":"standard","meta":{"footnotes":""},"categories":[597,456],"tags":[],"class_list":["post-142102","post","type-post","status-publish","format-standard","has-post-thumbnail","","category-cinta-de-noticias","category-arabe-internacional-politica"],"_links":{"self":[{"href":"https:\/\/archive.sana.sy\/es\/index.php?rest_route=\/wp\/v2\/posts\/142102"}],"collection":[{"href":"https:\/\/archive.sana.sy\/es\/index.php?rest_route=\/wp\/v2\/posts"}],"about":[{"href":"https:\/\/archive.sana.sy\/es\/index.php?rest_route=\/wp\/v2\/types\/post"}],"author":[{"embeddable":true,"href":"https:\/\/archive.sana.sy\/es\/index.php?rest_route=\/wp\/v2\/users\/32"}],"replies":[{"embeddable":true,"href":"https:\/\/archive.sana.sy\/es\/index.php?rest_route=%2Fwp%2Fv2%2Fcomments&post=142102"}],"version-history":[{"count":0,"href":"https:\/\/archive.sana.sy\/es\/index.php?rest_route=\/wp\/v2\/posts\/142102\/revisions"}],"wp:featuredmedia":[{"embeddable":true,"href":"https:\/\/archive.sana.sy\/es\/index.php?rest_route=\/wp\/v2\/media\/142103"}],"wp:attachment":[{"href":"https:\/\/archive.sana.sy\/es\/index.php?rest_route=%2Fwp%2Fv2%2Fmedia&parent=142102"}],"wp:term":[{"taxonomy":"category","embeddable":true,"href":"https:\/\/archive.sana.sy\/es\/index.php?rest_route=%2Fwp%2Fv2%2Fcategories&post=142102"},{"taxonomy":"post_tag","embeddable":true,"href":"https:\/\/archive.sana.sy\/es\/index.php?rest_route=%2Fwp%2Fv2%2Ftags&post=142102"}],"curies":[{"name":"wp","href":"https:\/\/api.w.org\/{rel}","templated":true}]}}