{"id":14213,"date":"2014-12-13T14:38:07","date_gmt":"2014-12-13T12:38:07","guid":{"rendered":"http:\/\/www.sana.sy\/es\/?p=14213"},"modified":"2014-12-13T14:39:01","modified_gmt":"2014-12-13T12:39:01","slug":"al-mekdad-solucionar-la-crisis-siria-pasa-por-reconocer-el-peligro-del-terrorismo-y-la-existencia-de-un-estado-soberano","status":"publish","type":"post","link":"https:\/\/archive.sana.sy\/es\/?p=14213","title":{"rendered":"Al-Mekdad: solucionar la crisis siria pasa por reconocer el peligro del terrorismo"},"content":{"rendered":"<p>Damasco, SANA<\/p>\n<p>El vicecanciller sirio, Faisal al-Mekdad, dijo que el paso incipiente para solucionar la crisis en Siria consiste en reconocer el peligro del terrorismo y la existencia de un Estado soberano regido por una Constituci\u00f3n, aclarando que esta Carta Magna y la soberan\u00eda est\u00e1n protegidas por un presidente cuya legitimidad surge de la voluntad del pueblo.<\/p>\n<p>En un art\u00edculo publicado en el diario liban\u00e9s \u201cal-Binaa\u201d, al-Mekdad dijo que cualquier soluci\u00f3n debe consolidar el frente interior que apoya al ej\u00e9rcito frente al terrorismo.<\/p>\n<p>El Vicecanciller sirio hizo hincapi\u00e9 en que el terrorismo que exportaron los enemigos de Siria bajo varios t\u00edtulos como \u201cla oposici\u00f3n\u201d se convirti\u00f3 en un fen\u00f3meno que amenaza a los pa\u00edses vecinos y a todo el mundo, y requiere el cambio de varias reglas seguidas por los actores internos y externos implicados en esta crisis.<\/p>\n<p>Al-Mekdad puso de relieve que el gobierno sirio desde el inicio de la crisis llam\u00f3 al di\u00e1logo paralelamente con sus esfuerzos para erradicar el terrorismo, mientras que las partes anti-sirias emplearon todas sus capacidades financiaras, armament\u00edsticas y medi\u00e1ticas para enviar mercenarios terroristas a Siria para arrodillarla.<\/p>\n<p>Asimismo, a\u00f1adi\u00f3 que los intentos para socavar a Siria desde el interior terminaron con fracaso gracias a la fuerza de las instituciones del Estado sirio, encabezadas por la Presidencia de la Rep\u00fablica, s\u00famales la resistencia del ej\u00e9rcito y el pueblo sirios.<\/p>\n<p>Al-Mekdad concluy\u00f3 recalcando que la soluci\u00f3n de la crisis siria se alcanza a trav\u00e9s de prepararse\u00a0para las pr\u00f3ximas elecciones legislativas.<br \/>\nLynn A., Fady M.<\/p>\n","protected":false},"excerpt":{"rendered":"<p>Damasco, SANA El vicecanciller sirio, Faisal al-Mekdad, dijo que el paso incipiente para solucionar la crisis en Siria consiste en reconocer el peligro del terrorismo y la existencia de un Estado soberano regido por una Constituci\u00f3n, aclarando que esta Carta Magna y la soberan\u00eda est\u00e1n protegidas por un presidente cuya legitimidad surge de la voluntad &hellip;<\/p>\n","protected":false},"author":24,"featured_media":8132,"comment_status":"closed","ping_status":"closed","sticky":false,"template":"","format":"standard","meta":{"footnotes":""},"categories":[555,576],"tags":[3239],"class_list":["post-14213","post","type-post","status-publish","format-standard","has-post-thumbnail","","category-prensa","category-noticias-politicas","tag-al-mekdad-solucionar-la-crisis-siria-pasa-por-reconocer-el-peligro-del-terrorismo-y-la-existencia-de-un-estado-soberano"],"_links":{"self":[{"href":"https:\/\/archive.sana.sy\/es\/index.php?rest_route=\/wp\/v2\/posts\/14213"}],"collection":[{"href":"https:\/\/archive.sana.sy\/es\/index.php?rest_route=\/wp\/v2\/posts"}],"about":[{"href":"https:\/\/archive.sana.sy\/es\/index.php?rest_route=\/wp\/v2\/types\/post"}],"author":[{"embeddable":true,"href":"https:\/\/archive.sana.sy\/es\/index.php?rest_route=\/wp\/v2\/users\/24"}],"replies":[{"embeddable":true,"href":"https:\/\/archive.sana.sy\/es\/index.php?rest_route=%2Fwp%2Fv2%2Fcomments&post=14213"}],"version-history":[{"count":0,"href":"https:\/\/archive.sana.sy\/es\/index.php?rest_route=\/wp\/v2\/posts\/14213\/revisions"}],"wp:featuredmedia":[{"embeddable":true,"href":"https:\/\/archive.sana.sy\/es\/index.php?rest_route=\/wp\/v2\/media\/8132"}],"wp:attachment":[{"href":"https:\/\/archive.sana.sy\/es\/index.php?rest_route=%2Fwp%2Fv2%2Fmedia&parent=14213"}],"wp:term":[{"taxonomy":"category","embeddable":true,"href":"https:\/\/archive.sana.sy\/es\/index.php?rest_route=%2Fwp%2Fv2%2Fcategories&post=14213"},{"taxonomy":"post_tag","embeddable":true,"href":"https:\/\/archive.sana.sy\/es\/index.php?rest_route=%2Fwp%2Fv2%2Ftags&post=14213"}],"curies":[{"name":"wp","href":"https:\/\/api.w.org\/{rel}","templated":true}]}}