{"id":14217,"date":"2014-12-13T15:37:39","date_gmt":"2014-12-13T13:37:39","guid":{"rendered":"http:\/\/www.sana.sy\/es\/?p=14217"},"modified":"2014-12-14T18:45:11","modified_gmt":"2014-12-14T16:45:11","slug":"32-anos-de-la-decision-racista-israeli-de-anexar-al-golan-sirio","status":"publish","type":"post","link":"https:\/\/archive.sana.sy\/es\/?p=14217","title":{"rendered":"33 a\u00f1os de la decisi\u00f3n racista israel\u00ed de anexar al Gol\u00e1n sirio"},"content":{"rendered":"<p>Quneitra, SANA<\/p>\n<p>Despu\u00e9s de 33 a\u00f1os de la decisi\u00f3n racista tomada por \u201cIsrael\u201d en fecha 14\/12\/1982 de anexar al Gol\u00e1n sirio, las autoridades israel\u00edes siguen violando las resoluciones del Consejo de Seguridad Internacional, especialmente la resoluci\u00f3n No. 497 emitida en 17\/12\/1981 que considera esta decisi\u00f3n como nula e inv\u00e1lida.<\/p>\n<p>La funesta decisi\u00f3n estipula la imposici\u00f3n de la administraci\u00f3n y la identidad israel\u00edes sobre los residentes del Gol\u00e1n sirio, lo cual no se puede separar del terrorismo sistem\u00e1tico que sufre actualmente Siria, teniendo en cuenta el gran apoyo y el tratamiento m\u00e9dico prestado por \u201cIsrael\u201d a los terroristas que operan en esta naci\u00f3n.<\/p>\n<p>Con ocasi\u00f3n de este aniversario, el gobernador de la provincia de Quneitra, Ahmad Sheikh Abed al-Qader, se\u00f1al\u00f3 que las ambiciones israel\u00edes en el Gol\u00e1n sirio se remontan a una fecha anterior a la creaci\u00f3n del ente sionista seg\u00fan incluy\u00f3 una nota presentada por la Organizaci\u00f3n Sionista Internacional ante el Alto Consejo de la Conferencia de Paz celebrada en Par\u00eds en 1919, hecho que materializa la realidad del odio sentido por los cabecillas de las bandas sionistas hacia el pueblo \u00e1rabe.<\/p>\n<p>La misma nota califica al monte Herm\u00f3n como \u201cla fuente real del agua\u201d para Palestina que no se puede separar de la misma, a\u00f1adi\u00f3 el gobernador de Quneitra, haciendo referencia a las atrocidades perpetradas por las autoridades israel\u00edes en la guerra de junio del a\u00f1o 1967 en la que el ente sionista ocup\u00f3 la mayor\u00eda del territorio de Quneitra y desplaz\u00f3 a sus residentes por la fuerza despu\u00e9s de destruir sus casas y construir colonias en su lugar, as\u00ed como sustituyeron a los planes de estudio sirios por otros sionistas.<\/p>\n<p>Abed al-Qader elogi\u00f3 el triunfo de la voluntad nacional a trav\u00e9s de la resistencia heroica de los vecinos del Gol\u00e1n sirio ante las pr\u00e1cticas arbitrarias del ente sionista.<\/p>\n<p>Lynn A., Fady M.<\/p>\n","protected":false},"excerpt":{"rendered":"<p>Quneitra, SANA Despu\u00e9s de 33 a\u00f1os de la decisi\u00f3n racista tomada por \u201cIsrael\u201d en fecha 14\/12\/1982 de anexar al Gol\u00e1n sirio, las autoridades israel\u00edes siguen violando las resoluciones del Consejo de Seguridad Internacional, especialmente la resoluci\u00f3n No. 497 emitida en 17\/12\/1981 que considera esta decisi\u00f3n como nula e inv\u00e1lida. La funesta decisi\u00f3n estipula la imposici\u00f3n &hellip;<\/p>\n","protected":false},"author":24,"featured_media":14218,"comment_status":"closed","ping_status":"closed","sticky":false,"template":"","format":"standard","meta":{"footnotes":""},"categories":[476],"tags":[3240],"class_list":["post-14217","post","type-post","status-publish","format-standard","has-post-thumbnail","","category-locales","tag-32-anos-de-la-decision-racista-israeli-de-anexar-al-golan-sirio"],"_links":{"self":[{"href":"https:\/\/archive.sana.sy\/es\/index.php?rest_route=\/wp\/v2\/posts\/14217"}],"collection":[{"href":"https:\/\/archive.sana.sy\/es\/index.php?rest_route=\/wp\/v2\/posts"}],"about":[{"href":"https:\/\/archive.sana.sy\/es\/index.php?rest_route=\/wp\/v2\/types\/post"}],"author":[{"embeddable":true,"href":"https:\/\/archive.sana.sy\/es\/index.php?rest_route=\/wp\/v2\/users\/24"}],"replies":[{"embeddable":true,"href":"https:\/\/archive.sana.sy\/es\/index.php?rest_route=%2Fwp%2Fv2%2Fcomments&post=14217"}],"version-history":[{"count":0,"href":"https:\/\/archive.sana.sy\/es\/index.php?rest_route=\/wp\/v2\/posts\/14217\/revisions"}],"wp:featuredmedia":[{"embeddable":true,"href":"https:\/\/archive.sana.sy\/es\/index.php?rest_route=\/wp\/v2\/media\/14218"}],"wp:attachment":[{"href":"https:\/\/archive.sana.sy\/es\/index.php?rest_route=%2Fwp%2Fv2%2Fmedia&parent=14217"}],"wp:term":[{"taxonomy":"category","embeddable":true,"href":"https:\/\/archive.sana.sy\/es\/index.php?rest_route=%2Fwp%2Fv2%2Fcategories&post=14217"},{"taxonomy":"post_tag","embeddable":true,"href":"https:\/\/archive.sana.sy\/es\/index.php?rest_route=%2Fwp%2Fv2%2Ftags&post=14217"}],"curies":[{"name":"wp","href":"https:\/\/api.w.org\/{rel}","templated":true}]}}