{"id":142269,"date":"2020-06-12T16:34:09","date_gmt":"2020-06-12T13:34:09","guid":{"rendered":"http:\/\/sana.sy\/es\/?p=142269"},"modified":"2023-01-12T14:44:05","modified_gmt":"2023-01-12T12:44:05","slug":"docenas-de-palestinos-resultan-heridos-por-represion-israeli-3","status":"publish","type":"post","link":"https:\/\/archive.sana.sy\/es\/?p=142269","title":{"rendered":"Docenas de palestinos resultan heridos por represi\u00f3n israel\u00ed"},"content":{"rendered":"<p><span style=\"color: #800000;\">Jerusal\u00e9n ocupada, SANA<\/span><\/p>\n<p style=\"text-align: justify;\">Docenas de palestinos sufrieron asfixia como resultado de agresiones de las fuerzas de ocupaci\u00f3n israel\u00edes contra una manifestaci\u00f3n la aldea de Nilin, al oeste de Ramallah.<\/p>\n<p style=\"text-align: justify;\">La agencia de noticias Wafa inform\u00f3 que las fuerzas de ocupaci\u00f3n abrieron fuego y lanzaron bombas de gas venenoso contra los manifestantes.<\/p>\n<p style=\"text-align: justify;\">Asimismo, grupos de colonos israel\u00edes irrumpieron en la localidad de Kafel Haris, al norte de Salfit, en Cisjordania, bajo protecci\u00f3n de soldados israel\u00edes.<\/p>\n<p style=\"text-align: justify;\">De acuerdo con la agencia de prensa Wafa, docenas de colonos irrumpieron en la localidad y asaltaron casas y propiedades palestinas, custodiados por las fuerzas de ocupaci\u00f3n, que cerraron tiendas de los palestinos y les impidieron moverse en las calles de la localidad.<\/p>\n<p style=\"text-align: justify;\">Adem\u00e1s, los colonos israel\u00edes irrumpieron en la aldea de Susia, al sur de Hebr\u00f3n, en Cisjordania.<\/p>\n<p><img loading=\"lazy\" decoding=\"async\" class=\"size-full wp-image-142271 aligncenter\" src=\"http:\/\/sana.sy\/es\/wp-content\/uploads\/2020\/06\/Screenshot-101-660x330-1.png\" alt=\"\" width=\"660\" height=\"330\" srcset=\"https:\/\/archive.sana.sy\/es\/wp-content\/uploads\/2020\/06\/Screenshot-101-660x330-1.png 660w, https:\/\/archive.sana.sy\/es\/wp-content\/uploads\/2020\/06\/Screenshot-101-660x330-1-300x150.png 300w, https:\/\/archive.sana.sy\/es\/wp-content\/uploads\/2020\/06\/Screenshot-101-660x330-1-150x75.png 150w\" sizes=\"(max-width: 660px) 100vw, 660px\" \/><\/p>\n<p>M.M<\/p>\n","protected":false},"excerpt":{"rendered":"<p>Jerusal\u00e9n ocupada, SANA Docenas de palestinos sufrieron asfixia como resultado de agresiones de las fuerzas de ocupaci\u00f3n israel\u00edes contra una manifestaci\u00f3n la aldea de Nilin, al oeste de Ramallah. La agencia de noticias Wafa inform\u00f3 que las fuerzas de ocupaci\u00f3n abrieron fuego y lanzaron bombas de gas venenoso contra los manifestantes. Asimismo, grupos de colonos &hellip;<\/p>\n","protected":false},"author":36,"featured_media":142270,"comment_status":"closed","ping_status":"closed","sticky":false,"template":"","format":"standard","meta":{"footnotes":""},"categories":[597,456,457],"tags":[1494],"class_list":["post-142269","post","type-post","status-publish","format-standard","has-post-thumbnail","","category-cinta-de-noticias","category-arabe-internacional-politica","category-noticias-arabe-internacional-politica","tag-palestina"],"_links":{"self":[{"href":"https:\/\/archive.sana.sy\/es\/index.php?rest_route=\/wp\/v2\/posts\/142269"}],"collection":[{"href":"https:\/\/archive.sana.sy\/es\/index.php?rest_route=\/wp\/v2\/posts"}],"about":[{"href":"https:\/\/archive.sana.sy\/es\/index.php?rest_route=\/wp\/v2\/types\/post"}],"author":[{"embeddable":true,"href":"https:\/\/archive.sana.sy\/es\/index.php?rest_route=\/wp\/v2\/users\/36"}],"replies":[{"embeddable":true,"href":"https:\/\/archive.sana.sy\/es\/index.php?rest_route=%2Fwp%2Fv2%2Fcomments&post=142269"}],"version-history":[{"count":0,"href":"https:\/\/archive.sana.sy\/es\/index.php?rest_route=\/wp\/v2\/posts\/142269\/revisions"}],"wp:featuredmedia":[{"embeddable":true,"href":"https:\/\/archive.sana.sy\/es\/index.php?rest_route=\/wp\/v2\/media\/142270"}],"wp:attachment":[{"href":"https:\/\/archive.sana.sy\/es\/index.php?rest_route=%2Fwp%2Fv2%2Fmedia&parent=142269"}],"wp:term":[{"taxonomy":"category","embeddable":true,"href":"https:\/\/archive.sana.sy\/es\/index.php?rest_route=%2Fwp%2Fv2%2Fcategories&post=142269"},{"taxonomy":"post_tag","embeddable":true,"href":"https:\/\/archive.sana.sy\/es\/index.php?rest_route=%2Fwp%2Fv2%2Ftags&post=142269"}],"curies":[{"name":"wp","href":"https:\/\/api.w.org\/{rel}","templated":true}]}}