{"id":142276,"date":"2020-06-12T17:32:21","date_gmt":"2020-06-12T14:32:21","guid":{"rendered":"http:\/\/sana.sy\/es\/?p=142276"},"modified":"2023-01-12T14:44:05","modified_gmt":"2023-01-12T12:44:05","slug":"el-libano-nueva-jornada-de-protestas-contra-malas-condiciones-de-vida","status":"publish","type":"post","link":"https:\/\/archive.sana.sy\/es\/?p=142276","title":{"rendered":"El L\u00edbano: nueva jornada de protestas contra malas condiciones de vida"},"content":{"rendered":"<p><span style=\"color: #800000;\">Beirut, SANA<\/span><\/p>\n<p style=\"text-align: justify;\">Nueva jornada de protesta tuvieron lugar este viernes en el L\u00edbano, donde los manifestantes exigieron una mejora en las condiciones de vida.<\/p>\n<p style=\"text-align: justify;\">En este sentido, los manifestantes cortaron la carretera internacional en el norte del L\u00edbano en m\u00e1s de un punto con piedras y neum\u00e1ticos en llamas.<\/p>\n<p style=\"text-align: justify;\">La Sala de Control de Tr\u00e1fico de las Fuerzas de Seguridad Interna indic\u00f3 que las carreteras cortadas en el norte liban\u00e9s son al-Muhammara, al-Badawi, Al-Hosniyeh y Al-Abdawe .<\/p>\n<p style=\"text-align: justify;\">Tambi\u00e9n anunci\u00f3 el corte de la autopista Saida cerca del santuario del Profeta Sari en ambas direcciones.<\/p>\n<p style=\"text-align: justify;\">A su vez, la agencia nacional de prensa del L\u00edbano inform\u00f3 que varios manifestantes encendieron llantas frente al ayuntamiento de Tr\u00edpoli, y cortaron otras calles en la ciudad, en protesta por la corrupci\u00f3n en medio de un intenso despliegue del ej\u00e9rcito liban\u00e9s y las fuerzas de seguridad interna.<\/p>\n<p style=\"text-align: justify;\">Cabe se\u00f1alar que desde el 17 de octubre, El L\u00edbano ha sido testigo de manifestaciones y actos de protesta que exigen mejorar las condiciones de vida y combatir la corrupci\u00f3n.<\/p>\n<p>M.M<\/p>\n","protected":false},"excerpt":{"rendered":"<p>Beirut, SANA Nueva jornada de protesta tuvieron lugar este viernes en el L\u00edbano, donde los manifestantes exigieron una mejora en las condiciones de vida. En este sentido, los manifestantes cortaron la carretera internacional en el norte del L\u00edbano en m\u00e1s de un punto con piedras y neum\u00e1ticos en llamas. La Sala de Control de Tr\u00e1fico &hellip;<\/p>\n","protected":false},"author":36,"featured_media":142277,"comment_status":"closed","ping_status":"closed","sticky":false,"template":"","format":"standard","meta":{"footnotes":""},"categories":[597,456,457],"tags":[],"class_list":["post-142276","post","type-post","status-publish","format-standard","has-post-thumbnail","","category-cinta-de-noticias","category-arabe-internacional-politica","category-noticias-arabe-internacional-politica"],"_links":{"self":[{"href":"https:\/\/archive.sana.sy\/es\/index.php?rest_route=\/wp\/v2\/posts\/142276"}],"collection":[{"href":"https:\/\/archive.sana.sy\/es\/index.php?rest_route=\/wp\/v2\/posts"}],"about":[{"href":"https:\/\/archive.sana.sy\/es\/index.php?rest_route=\/wp\/v2\/types\/post"}],"author":[{"embeddable":true,"href":"https:\/\/archive.sana.sy\/es\/index.php?rest_route=\/wp\/v2\/users\/36"}],"replies":[{"embeddable":true,"href":"https:\/\/archive.sana.sy\/es\/index.php?rest_route=%2Fwp%2Fv2%2Fcomments&post=142276"}],"version-history":[{"count":0,"href":"https:\/\/archive.sana.sy\/es\/index.php?rest_route=\/wp\/v2\/posts\/142276\/revisions"}],"wp:featuredmedia":[{"embeddable":true,"href":"https:\/\/archive.sana.sy\/es\/index.php?rest_route=\/wp\/v2\/media\/142277"}],"wp:attachment":[{"href":"https:\/\/archive.sana.sy\/es\/index.php?rest_route=%2Fwp%2Fv2%2Fmedia&parent=142276"}],"wp:term":[{"taxonomy":"category","embeddable":true,"href":"https:\/\/archive.sana.sy\/es\/index.php?rest_route=%2Fwp%2Fv2%2Fcategories&post=142276"},{"taxonomy":"post_tag","embeddable":true,"href":"https:\/\/archive.sana.sy\/es\/index.php?rest_route=%2Fwp%2Fv2%2Ftags&post=142276"}],"curies":[{"name":"wp","href":"https:\/\/api.w.org\/{rel}","templated":true}]}}