{"id":142300,"date":"2020-06-12T17:55:10","date_gmt":"2020-06-12T14:55:10","guid":{"rendered":"http:\/\/sana.sy\/es\/?p=142300"},"modified":"2020-06-12T21:03:26","modified_gmt":"2020-06-12T18:03:26","slug":"retiran-escombros-y-reabren-calles-en-el-liberado-hayar-aswad-al-sur-de-damasco","status":"publish","type":"post","link":"https:\/\/archive.sana.sy\/es\/?p=142300","title":{"rendered":"Retiran escombros y reabren calles en el liberado Hayar Aswad al sur de Damasco"},"content":{"rendered":"<p><span style=\"color: #800000;\">Quneitra, SANA<\/span><\/p>\n<p style=\"text-align: justify;\">La Gobernaci\u00f3n de Quneitra, en cooperaci\u00f3n con varios departamentos de servicios, llev\u00f3 a cabo una campa\u00f1a para remover los escombros en el suburbio de Hayar Aswad al sur de Damasco, con el fin de facilitar el regreso de los residentes a sus hogares de los que se desplazaron a consecuencia de las agrupaciones terroristas que lo ocuparon desde 2012 hasta 2018, fecha de su liberaci\u00f3n a manos del ej\u00e9rcito \u00e1rabe sirio.<\/p>\n<p style=\"text-align: justify;\">El subdirector de la Oficina Ejecutiva en Quneitra, Hussein Ishaq, declar\u00f3 a SANA que la campa\u00f1a incluye la remoci\u00f3n de escombros, la reapertura de calles y la limpieza de las plazas p\u00fablicas, lo cual facilitar\u00eda el restablecimiento de los servicios b\u00e1sicos.<\/p>\n<p style=\"text-align: justify;\">\u201cLa gobernaci\u00f3n asign\u00f3 varios camiones y retroexcavadoras para retirar los escombros en varios barrios, calles principales y secundarias y lugares p\u00fablicos en dicha zona\u201d, indic\u00f3.<\/p>\n<p style=\"text-align: justify;\">Pese a su proximidad de la capital Damasco, Hayar Aswad pertenece administraci\u00f3n a la gobernaci\u00f3n de Quneitra ya que la mayor\u00eda de sus residentes son desplazados de la agresi\u00f3n israel\u00ed de junio de 1967 contra Siria.<\/p>\n<p><span style=\"color: #0000ff;\">RR\/ FM\u00a0<\/span><\/p>\n","protected":false},"excerpt":{"rendered":"<p>Quneitra, SANA La Gobernaci\u00f3n de Quneitra, en cooperaci\u00f3n con varios departamentos de servicios, llev\u00f3 a cabo una campa\u00f1a para remover los escombros en el suburbio de Hayar Aswad al sur de Damasco, con el fin de facilitar el regreso de los residentes a sus hogares de los que se desplazaron a consecuencia de las agrupaciones &hellip;<\/p>\n","protected":false},"author":31,"featured_media":142301,"comment_status":"closed","ping_status":"closed","sticky":false,"template":"","format":"standard","meta":{"footnotes":""},"categories":[597,476,7541],"tags":[],"class_list":["post-142300","post","type-post","status-publish","format-standard","has-post-thumbnail","","category-cinta-de-noticias","category-locales","category-ultimas-noticias"],"_links":{"self":[{"href":"https:\/\/archive.sana.sy\/es\/index.php?rest_route=\/wp\/v2\/posts\/142300"}],"collection":[{"href":"https:\/\/archive.sana.sy\/es\/index.php?rest_route=\/wp\/v2\/posts"}],"about":[{"href":"https:\/\/archive.sana.sy\/es\/index.php?rest_route=\/wp\/v2\/types\/post"}],"author":[{"embeddable":true,"href":"https:\/\/archive.sana.sy\/es\/index.php?rest_route=\/wp\/v2\/users\/31"}],"replies":[{"embeddable":true,"href":"https:\/\/archive.sana.sy\/es\/index.php?rest_route=%2Fwp%2Fv2%2Fcomments&post=142300"}],"version-history":[{"count":0,"href":"https:\/\/archive.sana.sy\/es\/index.php?rest_route=\/wp\/v2\/posts\/142300\/revisions"}],"wp:featuredmedia":[{"embeddable":true,"href":"https:\/\/archive.sana.sy\/es\/index.php?rest_route=\/wp\/v2\/media\/142301"}],"wp:attachment":[{"href":"https:\/\/archive.sana.sy\/es\/index.php?rest_route=%2Fwp%2Fv2%2Fmedia&parent=142300"}],"wp:term":[{"taxonomy":"category","embeddable":true,"href":"https:\/\/archive.sana.sy\/es\/index.php?rest_route=%2Fwp%2Fv2%2Fcategories&post=142300"},{"taxonomy":"post_tag","embeddable":true,"href":"https:\/\/archive.sana.sy\/es\/index.php?rest_route=%2Fwp%2Fv2%2Ftags&post=142300"}],"curies":[{"name":"wp","href":"https:\/\/api.w.org\/{rel}","templated":true}]}}