{"id":142309,"date":"2020-06-12T22:49:20","date_gmt":"2020-06-12T19:49:20","guid":{"rendered":"http:\/\/sana.sy\/es\/?p=142309"},"modified":"2020-06-12T22:49:20","modified_gmt":"2020-06-12T19:49:20","slug":"siria-se-empena-para-reducir-el-impacto-de-la-guerra-en-el-trabajo-infantil","status":"publish","type":"post","link":"https:\/\/archive.sana.sy\/es\/?p=142309","title":{"rendered":"Siria se empe\u00f1a para reducir el impacto de la guerra en el trabajo infantil"},"content":{"rendered":"<p><span style=\"color: #800000;\">Damasco, SANA<\/span><\/p>\n<p style=\"text-align: justify;\">Las actividades organizadas por el D\u00eda Internacional de Lucha contra el Trabajo Infantil se centraron en el impacto de la pandemia de Covid-19 en la eliminaci\u00f3n del trabajo infantil, ya que los esfuerzos internacionales se intensifican para poner fin a este fen\u00f3meno en 2030.<\/p>\n<p style=\"text-align: justify;\">Los esfuerzos del Gobierno y de organizaciones no gubernamentales en Siria buscan reducir del trabajo de menores que aument\u00f3 durante los a\u00f1os de la guerra terrorista contra Siria.<\/p>\n<p style=\"text-align: justify;\">La guerra provoc\u00f3 alta tasa de absentismo escolar, violencia, p\u00e9rdida del cuidado familiar, mendicidad y reclutamiento de los ni\u00f1os por parte de organizaciones terroristas.<\/p>\n<p style=\"text-align: justify;\">La directora de Servicios Sociales del Ministerio de Asuntos Sociales y Trabajo, Maysaa Midani, declar\u00f3 a SANA que el ministerio, en cooperaci\u00f3n con la UNICEF, elabor\u00f3 un programa de acci\u00f3n que tiene como objetivo rehabilitar a los ni\u00f1os detenidos en los centros de menores por delitos de mendicidad y vagancia, y prestarles a ellos y sus familias ayuda material y educativa.<\/p>\n<p style=\"text-align: justify;\">Midani indic\u00f3 que el ministerio puso en marcha un programa de tratamiento de casos para tratar distintos fen\u00f3menos y problemas sociales como rehabilitar a los ni\u00f1os v\u00edctimas de la violencia, el tr\u00e1fico humano y el reclutamiento, en particular en las \u00e1reas liberadas del terrorismo.<\/p>\n<p style=\"text-align: justify;\">\u201cEl Ministerio est\u00e1 en la fase final de la formulaci\u00f3n de la Ley de Derechos del Ni\u00f1o que toma en cuenta la Convenci\u00f3n Internacional sobre los Derechos del Ni\u00f1o\u201d, se\u00f1al\u00f3.<\/p>\n<p style=\"text-align: justify;\">Por su parte, la Directora de Asuntos Familiares de la Comisi\u00f3n Siria para Asuntos de Familia y Poblaci\u00f3n, Rana Khlefawi, indic\u00f3 a SANA que, en el marco del plan nacional de la Comisi\u00f3n para combatir el trabajo infantil y proteger a los ni\u00f1os de la violencia, se realizan estudios sobre el trabajo infantil en el entorno laboral y el estado econ\u00f3mico de las familias de esos ni\u00f1os.<\/p>\n<p style=\"text-align: justify;\">Detall\u00f3 que esos estudios contribuyen a desarrollar soluciones y planes de intervenci\u00f3n para tratar el fen\u00f3meno del trabajo infantil.<\/p>\n<p style=\"text-align: justify;\">Khlefawi se\u00f1al\u00f3 que la Unidad de Protecci\u00f3n Familiar abierta por la Comisi\u00f3n en 2017 trabaja para proteger a las mujeres y los ni\u00f1os de la violencia y proporcionar todos los servicios sanitarios, psicol\u00f3gicos y educativos.<\/p>\n<p style=\"text-align: justify;\">El D\u00eda Internacional de Lucha contra el Trabajo Infantil fue aprobado por la Organizaci\u00f3n Internacional del Trabajo en 2002 con el objetivo de promover los esfuerzos para eliminar el fen\u00f3meno del trabajo infantil en el mundo.<\/p>\n<p style=\"text-align: justify;\">Siria se uni\u00f3 a la Convenci\u00f3n sobre los Derechos del Ni\u00f1o en 1993 y a los dos Protocolos opcionales anexos relacionados con la prevenci\u00f3n de la trata de ni\u00f1os en 2003.<\/p>\n<p style=\"text-align: justify;\">Las estad\u00edsticas de las Naciones Unidas registraron 152 millones de ni\u00f1os en el mercado laboral, 72 millones de ellos dedicados a trabajos peligrosos.<\/p>\n<p><span style=\"color: #0000ff;\">RR\/ FM\u00a0<\/span><\/p>\n","protected":false},"excerpt":{"rendered":"<p>Damasco, SANA Las actividades organizadas por el D\u00eda Internacional de Lucha contra el Trabajo Infantil se centraron en el impacto de la pandemia de Covid-19 en la eliminaci\u00f3n del trabajo infantil, ya que los esfuerzos internacionales se intensifican para poner fin a este fen\u00f3meno en 2030. Los esfuerzos del Gobierno y de organizaciones no gubernamentales &hellip;<\/p>\n","protected":false},"author":31,"featured_media":142310,"comment_status":"closed","ping_status":"closed","sticky":false,"template":"","format":"standard","meta":{"footnotes":""},"categories":[597,476,7541],"tags":[],"class_list":["post-142309","post","type-post","status-publish","format-standard","has-post-thumbnail","","category-cinta-de-noticias","category-locales","category-ultimas-noticias"],"_links":{"self":[{"href":"https:\/\/archive.sana.sy\/es\/index.php?rest_route=\/wp\/v2\/posts\/142309"}],"collection":[{"href":"https:\/\/archive.sana.sy\/es\/index.php?rest_route=\/wp\/v2\/posts"}],"about":[{"href":"https:\/\/archive.sana.sy\/es\/index.php?rest_route=\/wp\/v2\/types\/post"}],"author":[{"embeddable":true,"href":"https:\/\/archive.sana.sy\/es\/index.php?rest_route=\/wp\/v2\/users\/31"}],"replies":[{"embeddable":true,"href":"https:\/\/archive.sana.sy\/es\/index.php?rest_route=%2Fwp%2Fv2%2Fcomments&post=142309"}],"version-history":[{"count":0,"href":"https:\/\/archive.sana.sy\/es\/index.php?rest_route=\/wp\/v2\/posts\/142309\/revisions"}],"wp:featuredmedia":[{"embeddable":true,"href":"https:\/\/archive.sana.sy\/es\/index.php?rest_route=\/wp\/v2\/media\/142310"}],"wp:attachment":[{"href":"https:\/\/archive.sana.sy\/es\/index.php?rest_route=%2Fwp%2Fv2%2Fmedia&parent=142309"}],"wp:term":[{"taxonomy":"category","embeddable":true,"href":"https:\/\/archive.sana.sy\/es\/index.php?rest_route=%2Fwp%2Fv2%2Fcategories&post=142309"},{"taxonomy":"post_tag","embeddable":true,"href":"https:\/\/archive.sana.sy\/es\/index.php?rest_route=%2Fwp%2Fv2%2Ftags&post=142309"}],"curies":[{"name":"wp","href":"https:\/\/api.w.org\/{rel}","templated":true}]}}