{"id":142653,"date":"2020-06-14T09:31:17","date_gmt":"2020-06-14T06:31:17","guid":{"rendered":"http:\/\/sana.sy\/es\/?p=142653"},"modified":"2020-06-14T09:31:17","modified_gmt":"2020-06-14T06:31:17","slug":"confirman-siete-nuevos-casos-con-covid-19-y-tres-recuperados-nuevos-de-esa-enfermedad","status":"publish","type":"post","link":"https:\/\/archive.sana.sy\/es\/?p=142653","title":{"rendered":"Confirman siete nuevos casos con Covid-19 y tres recuperados nuevos de esa enfermedad"},"content":{"rendered":"<p style=\"text-align: justify;\"><span style=\"color: #800000;\"><strong>Damasco, SANA<\/strong><\/span><\/p>\n<p style=\"text-align: justify;\">El Ministerio de Salud anunci\u00f3 hoy siete nuevos contagios con el virus SARS-CoV-2, causante de la enfermedad Covid-19, en la localidad de Ras Marah, al norte de Damasco.<\/p>\n<p style=\"text-align: justify;\">\u201cLos nuevos casos registrados son contactos del camionero que trabaja entre Siria y Jordania, y que dio positivo al virus hace d\u00edas\u201d, inform\u00f3 el Ministerio por medio de un comunicado.<\/p>\n<p style=\"text-align: justify;\">La nota precisa que se dio el alta m\u00e9dica a tres infectados que se recuperaron de la enfermedad.<\/p>\n<p style=\"text-align: justify;\">Aclara que \u201cel total de positivos en el pa\u00eds asciende a 177, de los cuales 74 se recuperaron y seis fallecieron\u201d.<\/p>\n<p style=\"text-align: justify;\">Anteriormente, el ministerio decidi\u00f3 aislar la localidad de Ras Marah, al norte de Damasco, donde se registr\u00f3 este brote, para impedir la propagaci\u00f3n del virus y preservar la salud p\u00fablica.<\/p>\n<p style=\"text-align: justify;\"><strong><span style=\"color: #0000ff;\">F.M\/W.S<\/span><\/strong><\/p>\n","protected":false},"excerpt":{"rendered":"<p>Damasco, SANA El Ministerio de Salud anunci\u00f3 hoy siete nuevos contagios con el virus SARS-CoV-2, causante de la enfermedad Covid-19, en la localidad de Ras Marah, al norte de Damasco. \u201cLos nuevos casos registrados son contactos del camionero que trabaja entre Siria y Jordania, y que dio positivo al virus hace d\u00edas\u201d, inform\u00f3 el Ministerio &hellip;<\/p>\n","protected":false},"author":35,"featured_media":142654,"comment_status":"closed","ping_status":"closed","sticky":false,"template":"","format":"standard","meta":{"footnotes":""},"categories":[597,476,7541],"tags":[],"class_list":["post-142653","post","type-post","status-publish","format-standard","has-post-thumbnail","","category-cinta-de-noticias","category-locales","category-ultimas-noticias"],"_links":{"self":[{"href":"https:\/\/archive.sana.sy\/es\/index.php?rest_route=\/wp\/v2\/posts\/142653"}],"collection":[{"href":"https:\/\/archive.sana.sy\/es\/index.php?rest_route=\/wp\/v2\/posts"}],"about":[{"href":"https:\/\/archive.sana.sy\/es\/index.php?rest_route=\/wp\/v2\/types\/post"}],"author":[{"embeddable":true,"href":"https:\/\/archive.sana.sy\/es\/index.php?rest_route=\/wp\/v2\/users\/35"}],"replies":[{"embeddable":true,"href":"https:\/\/archive.sana.sy\/es\/index.php?rest_route=%2Fwp%2Fv2%2Fcomments&post=142653"}],"version-history":[{"count":0,"href":"https:\/\/archive.sana.sy\/es\/index.php?rest_route=\/wp\/v2\/posts\/142653\/revisions"}],"wp:featuredmedia":[{"embeddable":true,"href":"https:\/\/archive.sana.sy\/es\/index.php?rest_route=\/wp\/v2\/media\/142654"}],"wp:attachment":[{"href":"https:\/\/archive.sana.sy\/es\/index.php?rest_route=%2Fwp%2Fv2%2Fmedia&parent=142653"}],"wp:term":[{"taxonomy":"category","embeddable":true,"href":"https:\/\/archive.sana.sy\/es\/index.php?rest_route=%2Fwp%2Fv2%2Fcategories&post=142653"},{"taxonomy":"post_tag","embeddable":true,"href":"https:\/\/archive.sana.sy\/es\/index.php?rest_route=%2Fwp%2Fv2%2Ftags&post=142653"}],"curies":[{"name":"wp","href":"https:\/\/api.w.org\/{rel}","templated":true}]}}