{"id":142656,"date":"2020-06-14T09:39:13","date_gmt":"2020-06-14T06:39:13","guid":{"rendered":"http:\/\/sana.sy\/es\/?p=142656"},"modified":"2023-01-10T15:23:47","modified_gmt":"2023-01-10T13:23:47","slug":"importantes-proyectos-agricolas-e-industriales-en-ghouta-oriental-al-este-de-damasco","status":"publish","type":"post","link":"https:\/\/archive.sana.sy\/es\/?p=142656","title":{"rendered":"Importantes proyectos agr\u00edcolas e industriales en Ghouta Oriental, al este de Damasco"},"content":{"rendered":"<p style=\"text-align: justify;\"><strong><span style=\"color: #800000;\">Damasco, SANA<\/span><\/strong><\/p>\n<p style=\"text-align: justify;\">El comit\u00e9 ministerial encargado de dar seguimiento a la situaci\u00f3n agr\u00edcola y de servicios en la provincia de Damasco-campo, efectu\u00f3 un recorrido por varias localidades de la zona de Ghouta Oriental al este de la capital Damasco, donde se inform\u00f3 sobre la marcha de algunos proyectos agr\u00edcolas e industriales.<\/p>\n<p style=\"text-align: justify;\">En declaraciones a la prensa, el Ministro de Industria, Muhammad Maan Zain Al-Abideen Jaddaba, dijo que se dar\u00e1 tratamiento inmediato a los problemas y dificultades que enfrentan los sectores de la industria y la agricultura en Ghouta Oriental.<\/p>\n<p style=\"text-align: justify;\">Indic\u00f3 que el Gobierno ofrecer\u00e1 facilidades para que la industria de muebles vuelva a las ciudades de Saqba y Erb\u00edn mediante la reapertura de mil 400 talleres de muebles.<\/p>\n<p style=\"text-align: justify;\">Asimismo, se aprob\u00f3 la asignaci\u00f3n de una suma de dos mil 500 millones de libras para asfaltar las calles de las localidades de Ghouta.<\/p>\n<p style=\"text-align: justify;\">El comit\u00e9 se inform\u00f3 sobre el proceso de construcci\u00f3n en la ciudad obrera de Adra, que tiene un \u00e1rea total de seis mil hect\u00e1reas y alberga a alrededor de 60 mil apartamentos.<\/p>\n<p style=\"text-align: justify;\">El Ministro de Obras P\u00fablicas y Vivienda, Suhail Abdul Latif, dijo a los periodistas que las obras de construcci\u00f3n se realizan por empresas del sector p\u00fablico.<\/p>\n<p style=\"text-align: justify;\"><strong>F.M\/W.S<\/strong><\/p>\n<div id='gallery-1' class='gallery galleryid-142656 gallery-columns-1 gallery-size-full'><figure class='gallery-item'>\n\t\t\t<div class='gallery-icon landscape'>\n\t\t\t\t<a href='https:\/\/archive.sana.sy\/es\/?attachment_id=142659'><img loading=\"lazy\" decoding=\"async\" width=\"1000\" height=\"600\" src=\"https:\/\/archive.sana.sy\/es\/wp-content\/uploads\/2020\/06\/photo_2020-06-14_09-38-02.jpg\" class=\"attachment-full size-full\" alt=\"\" srcset=\"https:\/\/archive.sana.sy\/es\/wp-content\/uploads\/2020\/06\/photo_2020-06-14_09-38-02.jpg 1000w, https:\/\/archive.sana.sy\/es\/wp-content\/uploads\/2020\/06\/photo_2020-06-14_09-38-02-300x180.jpg 300w, https:\/\/archive.sana.sy\/es\/wp-content\/uploads\/2020\/06\/photo_2020-06-14_09-38-02-150x90.jpg 150w, https:\/\/archive.sana.sy\/es\/wp-content\/uploads\/2020\/06\/photo_2020-06-14_09-38-02-768x461.jpg 768w\" sizes=\"(max-width: 1000px) 100vw, 1000px\" \/><\/a>\n\t\t\t<\/div><\/figure><figure class='gallery-item'>\n\t\t\t<div class='gallery-icon landscape'>\n\t\t\t\t<a href='https:\/\/archive.sana.sy\/es\/?attachment_id=142660'><img loading=\"lazy\" decoding=\"async\" width=\"1000\" height=\"600\" src=\"https:\/\/archive.sana.sy\/es\/wp-content\/uploads\/2020\/06\/photo_2020-06-14_09-38-06.jpg\" class=\"attachment-full size-full\" alt=\"\" srcset=\"https:\/\/archive.sana.sy\/es\/wp-content\/uploads\/2020\/06\/photo_2020-06-14_09-38-06.jpg 1000w, https:\/\/archive.sana.sy\/es\/wp-content\/uploads\/2020\/06\/photo_2020-06-14_09-38-06-300x180.jpg 300w, https:\/\/archive.sana.sy\/es\/wp-content\/uploads\/2020\/06\/photo_2020-06-14_09-38-06-150x90.jpg 150w, https:\/\/archive.sana.sy\/es\/wp-content\/uploads\/2020\/06\/photo_2020-06-14_09-38-06-768x461.jpg 768w\" sizes=\"(max-width: 1000px) 100vw, 1000px\" \/><\/a>\n\t\t\t<\/div><\/figure>\n\t\t<\/div>\n\n","protected":false},"excerpt":{"rendered":"<p>Damasco, SANA El comit\u00e9 ministerial encargado de dar seguimiento a la situaci\u00f3n agr\u00edcola y de servicios en la provincia de Damasco-campo, efectu\u00f3 un recorrido por varias localidades de la zona de Ghouta Oriental al este de la capital Damasco, donde se inform\u00f3 sobre la marcha de algunos proyectos agr\u00edcolas e industriales. En declaraciones a la &hellip;<\/p>\n","protected":false},"author":35,"featured_media":142657,"comment_status":"closed","ping_status":"closed","sticky":false,"template":"","format":"standard","meta":{"footnotes":""},"categories":[597,485,476,7541],"tags":[],"class_list":["post-142656","post","type-post","status-publish","format-standard","has-post-thumbnail","","category-cinta-de-noticias","category-informes-negocios-y-finanzas","category-locales","category-ultimas-noticias"],"_links":{"self":[{"href":"https:\/\/archive.sana.sy\/es\/index.php?rest_route=\/wp\/v2\/posts\/142656"}],"collection":[{"href":"https:\/\/archive.sana.sy\/es\/index.php?rest_route=\/wp\/v2\/posts"}],"about":[{"href":"https:\/\/archive.sana.sy\/es\/index.php?rest_route=\/wp\/v2\/types\/post"}],"author":[{"embeddable":true,"href":"https:\/\/archive.sana.sy\/es\/index.php?rest_route=\/wp\/v2\/users\/35"}],"replies":[{"embeddable":true,"href":"https:\/\/archive.sana.sy\/es\/index.php?rest_route=%2Fwp%2Fv2%2Fcomments&post=142656"}],"version-history":[{"count":0,"href":"https:\/\/archive.sana.sy\/es\/index.php?rest_route=\/wp\/v2\/posts\/142656\/revisions"}],"wp:featuredmedia":[{"embeddable":true,"href":"https:\/\/archive.sana.sy\/es\/index.php?rest_route=\/wp\/v2\/media\/142657"}],"wp:attachment":[{"href":"https:\/\/archive.sana.sy\/es\/index.php?rest_route=%2Fwp%2Fv2%2Fmedia&parent=142656"}],"wp:term":[{"taxonomy":"category","embeddable":true,"href":"https:\/\/archive.sana.sy\/es\/index.php?rest_route=%2Fwp%2Fv2%2Fcategories&post=142656"},{"taxonomy":"post_tag","embeddable":true,"href":"https:\/\/archive.sana.sy\/es\/index.php?rest_route=%2Fwp%2Fv2%2Ftags&post=142656"}],"curies":[{"name":"wp","href":"https:\/\/api.w.org\/{rel}","templated":true}]}}