{"id":142812,"date":"2020-06-15T22:00:12","date_gmt":"2020-06-15T19:00:12","guid":{"rendered":"http:\/\/sana.sy\/es\/?p=142812"},"modified":"2020-06-15T23:01:00","modified_gmt":"2020-06-15T20:01:00","slug":"teheran-una-reunion-de-los-paises-garantes-del-proceso-de-astana-sobre-siria-se-celebrara-pronto","status":"publish","type":"post","link":"https:\/\/archive.sana.sy\/es\/?p=142812","title":{"rendered":"Teher\u00e1n: una reuni\u00f3n de los pa\u00edses garantes del proceso de Astan\u00e1 sobre Siria se celebrar\u00e1 pronto"},"content":{"rendered":"<p style=\"text-align: justify;\"><span style=\"color: #800000;\"><strong>Teher\u00e1n, SANA<\/strong><\/span><\/p>\n<p style=\"text-align: justify;\">El Ministerio de Exteriores de Ir\u00e1n anunci\u00f3 que pronto se celebrar\u00e1 una reuni\u00f3n de los tres pa\u00edses garantes del proceso de Astan\u00e1 destinado a resolver la crisis en Siria.<\/p>\n<p style=\"text-align: justify;\">\u201cLa reuni\u00f3n de los pa\u00edses garantes &#8220;Ir\u00e1n, Rusia y Turqu\u00eda&#8221; se celebrar\u00e1 mediante la tecnolog\u00eda de videoconferencia y su fecha exacta se fijar\u00e1 durante la visita del ministro de Exteriores iran\u00ed, Mohammad Javad Zarif, a Ankara y Mosc\u00fa\u201d, dijo el portavoz de la canciller\u00eda iran\u00ed, Abbas Mousavi, durante una rueda de prensa.<\/p>\n<p>Las reuniones de Astan\u00e1 comenzaron en la capital de Kazajst\u00e1n a principios de 2017 y se celebraron hasta la fecha 14 reuniones, una de las cuales fue en la ciudad rusa de Sochi.<br \/>\nTodas las reuniones reafirmaron el compromiso de preservar la soberan\u00eda, independencia e integridad territorial de Siria y continuar la guerra contra las organizaciones terroristas hasta su derrota final.<\/p>\n<p style=\"text-align: justify;\">Por otro lado, Mousavi reiter\u00f3 el llamado de su pa\u00eds a los pa\u00edses europeos para no guardar silencio ante la arrogancia estadounidense, y expres\u00f3 la esperanza de que la Junta de Gobernadores de la Agencia Internacional de Energ\u00eda At\u00f3mica no se rindiera a la presi\u00f3n estadounidense e israel\u00ed.<\/p>\n<p style=\"text-align: justify;\">El vocero enfatiz\u00f3 la necesidad de que Washington detenga su terrorismo econ\u00f3mico y regrese al acuerdo nuclear firmado con su pa\u00eds.<\/p>\n<p style=\"text-align: justify;\"><strong><span style=\"color: #0000ff;\">F.M\/ E.D<\/span><\/strong><\/p>\n","protected":false},"excerpt":{"rendered":"<p>Teher\u00e1n, SANA El Ministerio de Exteriores de Ir\u00e1n anunci\u00f3 que pronto se celebrar\u00e1 una reuni\u00f3n de los tres pa\u00edses garantes del proceso de Astan\u00e1 destinado a resolver la crisis en Siria. \u201cLa reuni\u00f3n de los pa\u00edses garantes &#8220;Ir\u00e1n, Rusia y Turqu\u00eda&#8221; se celebrar\u00e1 mediante la tecnolog\u00eda de videoconferencia y su fecha exacta se fijar\u00e1 durante &hellip;<\/p>\n","protected":false},"author":32,"featured_media":142813,"comment_status":"closed","ping_status":"closed","sticky":false,"template":"","format":"standard","meta":{"footnotes":""},"categories":[597,467,7541],"tags":[17893],"class_list":["post-142812","post","type-post","status-publish","format-standard","has-post-thumbnail","","category-cinta-de-noticias","category-siria-y-el-mundo","category-ultimas-noticias","tag-teheran-una-reunion-de-los-paises-garantes-del-proceso-de-astana-sobre-siria-se-celebrara-pronto"],"_links":{"self":[{"href":"https:\/\/archive.sana.sy\/es\/index.php?rest_route=\/wp\/v2\/posts\/142812"}],"collection":[{"href":"https:\/\/archive.sana.sy\/es\/index.php?rest_route=\/wp\/v2\/posts"}],"about":[{"href":"https:\/\/archive.sana.sy\/es\/index.php?rest_route=\/wp\/v2\/types\/post"}],"author":[{"embeddable":true,"href":"https:\/\/archive.sana.sy\/es\/index.php?rest_route=\/wp\/v2\/users\/32"}],"replies":[{"embeddable":true,"href":"https:\/\/archive.sana.sy\/es\/index.php?rest_route=%2Fwp%2Fv2%2Fcomments&post=142812"}],"version-history":[{"count":0,"href":"https:\/\/archive.sana.sy\/es\/index.php?rest_route=\/wp\/v2\/posts\/142812\/revisions"}],"wp:featuredmedia":[{"embeddable":true,"href":"https:\/\/archive.sana.sy\/es\/index.php?rest_route=\/wp\/v2\/media\/142813"}],"wp:attachment":[{"href":"https:\/\/archive.sana.sy\/es\/index.php?rest_route=%2Fwp%2Fv2%2Fmedia&parent=142812"}],"wp:term":[{"taxonomy":"category","embeddable":true,"href":"https:\/\/archive.sana.sy\/es\/index.php?rest_route=%2Fwp%2Fv2%2Fcategories&post=142812"},{"taxonomy":"post_tag","embeddable":true,"href":"https:\/\/archive.sana.sy\/es\/index.php?rest_route=%2Fwp%2Fv2%2Ftags&post=142812"}],"curies":[{"name":"wp","href":"https:\/\/api.w.org\/{rel}","templated":true}]}}