{"id":142883,"date":"2020-06-15T19:52:28","date_gmt":"2020-06-15T16:52:28","guid":{"rendered":"http:\/\/sana.sy\/es\/?p=142883"},"modified":"2020-06-15T19:52:28","modified_gmt":"2020-06-15T16:52:28","slug":"egipto-reitera-su-apoyo-a-una-solucion-politica-que-respete-la-soberania-de-siria","status":"publish","type":"post","link":"https:\/\/archive.sana.sy\/es\/?p=142883","title":{"rendered":"Egipto reitera su apoyo a una soluci\u00f3n pol\u00edtica que respete la soberan\u00eda de Siria"},"content":{"rendered":"<p><span style=\"color: #800000;\">El Cairo, SANA<\/span><\/p>\n<p style=\"text-align: justify;\">Egipto reiter\u00f3 hoy la necesidad de encontrar una soluci\u00f3n pol\u00edtica a la crisis en Siria que respete su soberan\u00eda, unidad e integridad territorial.<\/p>\n<p>El ministro de Asuntos Exteriores de Egipto, Sameh Shoukry, destac\u00f3 durante una videoconferencia este lunes la importancia de alcanzar un arreglo pol\u00edtico integral que garantice la integridad territorial de Siria y la eliminaci\u00f3n completa del terrorismo.<\/p>\n<p style=\"text-align: justify;\">En cuando al tema libio, el jefe de la diplomacia egipcia se\u00f1al\u00f3 que la iniciativa pol\u00edtica de su pa\u00eds para poner fin a la crisis en esta naci\u00f3n africana tiene como objetivo garantizar una representaci\u00f3n equitativa de todas las regiones libias y unificar sus instituciones.<\/p>\n<p><span style=\"color: #0000ff;\">RR\/ FM\u00a0<\/span><\/p>\n","protected":false},"excerpt":{"rendered":"<p>El Cairo, SANA Egipto reiter\u00f3 hoy la necesidad de encontrar una soluci\u00f3n pol\u00edtica a la crisis en Siria que respete su soberan\u00eda, unidad e integridad territorial. El ministro de Asuntos Exteriores de Egipto, Sameh Shoukry, destac\u00f3 durante una videoconferencia este lunes la importancia de alcanzar un arreglo pol\u00edtico integral que garantice la integridad territorial de &hellip;<\/p>\n","protected":false},"author":31,"featured_media":142884,"comment_status":"closed","ping_status":"closed","sticky":false,"template":"","format":"standard","meta":{"footnotes":""},"categories":[597,467],"tags":[],"class_list":["post-142883","post","type-post","status-publish","format-standard","has-post-thumbnail","","category-cinta-de-noticias","category-siria-y-el-mundo"],"_links":{"self":[{"href":"https:\/\/archive.sana.sy\/es\/index.php?rest_route=\/wp\/v2\/posts\/142883"}],"collection":[{"href":"https:\/\/archive.sana.sy\/es\/index.php?rest_route=\/wp\/v2\/posts"}],"about":[{"href":"https:\/\/archive.sana.sy\/es\/index.php?rest_route=\/wp\/v2\/types\/post"}],"author":[{"embeddable":true,"href":"https:\/\/archive.sana.sy\/es\/index.php?rest_route=\/wp\/v2\/users\/31"}],"replies":[{"embeddable":true,"href":"https:\/\/archive.sana.sy\/es\/index.php?rest_route=%2Fwp%2Fv2%2Fcomments&post=142883"}],"version-history":[{"count":0,"href":"https:\/\/archive.sana.sy\/es\/index.php?rest_route=\/wp\/v2\/posts\/142883\/revisions"}],"wp:featuredmedia":[{"embeddable":true,"href":"https:\/\/archive.sana.sy\/es\/index.php?rest_route=\/wp\/v2\/media\/142884"}],"wp:attachment":[{"href":"https:\/\/archive.sana.sy\/es\/index.php?rest_route=%2Fwp%2Fv2%2Fmedia&parent=142883"}],"wp:term":[{"taxonomy":"category","embeddable":true,"href":"https:\/\/archive.sana.sy\/es\/index.php?rest_route=%2Fwp%2Fv2%2Fcategories&post=142883"},{"taxonomy":"post_tag","embeddable":true,"href":"https:\/\/archive.sana.sy\/es\/index.php?rest_route=%2Fwp%2Fv2%2Ftags&post=142883"}],"curies":[{"name":"wp","href":"https:\/\/api.w.org\/{rel}","templated":true}]}}