{"id":142886,"date":"2020-06-15T19:57:04","date_gmt":"2020-06-15T16:57:04","guid":{"rendered":"http:\/\/sana.sy\/es\/?p=142886"},"modified":"2020-06-15T19:57:04","modified_gmt":"2020-06-15T16:57:04","slug":"verchinin-y-haddad-repasan-perspectivos-del-arreglo-politico-en-siria","status":"publish","type":"post","link":"https:\/\/archive.sana.sy\/es\/?p=142886","title":{"rendered":"Verchinin y Haddad repasan perspectivos del arreglo pol\u00edtico en Siria"},"content":{"rendered":"<p><span style=\"color: #800000;\">Mosc\u00fa, SANA <\/span><\/p>\n<p style=\"text-align: justify;\">El viceministro de Exteriores de Rusia, Sergei Vershinin, examin\u00f3 con el embajador sirio en Mosc\u00fa, Riad Haddad, las perspectivas de una soluci\u00f3n pol\u00edtica a la crisis en Siria y la necesidad de luchar contra el terrorismo.<\/p>\n<p style=\"text-align: justify;\">&#8220;Vershinin abord\u00f3 con Haddad las medidas para avanzar en un proceso pol\u00edtico protagonizado por los propios sirios y a base del respeto de la soberan\u00eda, independencia, unidad e integridad territorial del pa\u00eds&#8221;, declar\u00f3 la canciller\u00eda rusa este lunes.<\/p>\n<p style=\"text-align: justify;\">Tambi\u00e9n, fue discutido el impacto negativo de las medidas unilaterales y coercitivas de Estados Unidos impuestas a Siria, se\u00f1al\u00f3 la declaraci\u00f3n.<\/p>\n<p><span style=\"color: #0000ff;\">RR\/ FM\u00a0<\/span><\/p>\n<p>&nbsp;<\/p>\n","protected":false},"excerpt":{"rendered":"<p>Mosc\u00fa, SANA El viceministro de Exteriores de Rusia, Sergei Vershinin, examin\u00f3 con el embajador sirio en Mosc\u00fa, Riad Haddad, las perspectivas de una soluci\u00f3n pol\u00edtica a la crisis en Siria y la necesidad de luchar contra el terrorismo. &#8220;Vershinin abord\u00f3 con Haddad las medidas para avanzar en un proceso pol\u00edtico protagonizado por los propios sirios &hellip;<\/p>\n","protected":false},"author":31,"featured_media":142887,"comment_status":"closed","ping_status":"closed","sticky":false,"template":"","format":"standard","meta":{"footnotes":""},"categories":[597,467],"tags":[],"class_list":["post-142886","post","type-post","status-publish","format-standard","has-post-thumbnail","","category-cinta-de-noticias","category-siria-y-el-mundo"],"_links":{"self":[{"href":"https:\/\/archive.sana.sy\/es\/index.php?rest_route=\/wp\/v2\/posts\/142886"}],"collection":[{"href":"https:\/\/archive.sana.sy\/es\/index.php?rest_route=\/wp\/v2\/posts"}],"about":[{"href":"https:\/\/archive.sana.sy\/es\/index.php?rest_route=\/wp\/v2\/types\/post"}],"author":[{"embeddable":true,"href":"https:\/\/archive.sana.sy\/es\/index.php?rest_route=\/wp\/v2\/users\/31"}],"replies":[{"embeddable":true,"href":"https:\/\/archive.sana.sy\/es\/index.php?rest_route=%2Fwp%2Fv2%2Fcomments&post=142886"}],"version-history":[{"count":0,"href":"https:\/\/archive.sana.sy\/es\/index.php?rest_route=\/wp\/v2\/posts\/142886\/revisions"}],"wp:featuredmedia":[{"embeddable":true,"href":"https:\/\/archive.sana.sy\/es\/index.php?rest_route=\/wp\/v2\/media\/142887"}],"wp:attachment":[{"href":"https:\/\/archive.sana.sy\/es\/index.php?rest_route=%2Fwp%2Fv2%2Fmedia&parent=142886"}],"wp:term":[{"taxonomy":"category","embeddable":true,"href":"https:\/\/archive.sana.sy\/es\/index.php?rest_route=%2Fwp%2Fv2%2Fcategories&post=142886"},{"taxonomy":"post_tag","embeddable":true,"href":"https:\/\/archive.sana.sy\/es\/index.php?rest_route=%2Fwp%2Fv2%2Ftags&post=142886"}],"curies":[{"name":"wp","href":"https:\/\/api.w.org\/{rel}","templated":true}]}}