{"id":142889,"date":"2020-06-15T20:34:12","date_gmt":"2020-06-15T17:34:12","guid":{"rendered":"http:\/\/sana.sy\/es\/?p=142889"},"modified":"2023-01-12T14:44:04","modified_gmt":"2023-01-12T12:44:04","slug":"irakmuertos-4-soldados-y-capturados-3-terroristas-de-daesh","status":"publish","type":"post","link":"https:\/\/archive.sana.sy\/es\/?p=142889","title":{"rendered":"Irak\u2026muertos 4 soldados y capturados 3 terroristas de DAESH"},"content":{"rendered":"<p>Bagdad, SANA<\/p>\n<p>Varios soldados iraqu\u00edes perecieron y\/o resultaron heridos en un atentado terroristas acaecido en el noreste del Irak.<\/p>\n<p>El sitio web \u00b4Someria News\u00b4 cit\u00f3 a una fuente de seguridad diciendo que un artefacto explot\u00f3 al paso de una patrulla de la brigada respuesta r\u00e1pida mientras realizaba una operaci\u00f3n de seguridad en los poblados del distrito de Toz Khormato, lo que caus\u00f3 la muerte de tres soldados, mientas que 4 resultaron heridos.<\/p>\n<p>A todo ello, las fuerzas iraqu\u00edes arrestaron a tres terroristas de la organizaci\u00f3n terrorista DAESH en la provincia de Anbar.<\/p>\n<p>El sitio web \u00b4Someria News\u00b4, cit\u00f3 a l direcci\u00f3n de la inteligencia militar diciendo en un comunicado que tres terroristas fueron capturados en las regiones de Zaneh y Albu Hardan en la provincia de Anbar, se\u00f1alando que uno de los terroristas detenidos es el responsable de la exacci\u00f3n de DAESH, mientras que los dos otros estaban involucrados en acciones militares contra las fuerzas de seguridad iraqu\u00edes.<\/p>\n<p>Y.K.<\/p>\n","protected":false},"excerpt":{"rendered":"<p>Bagdad, SANA Varios soldados iraqu\u00edes perecieron y\/o resultaron heridos en un atentado terroristas acaecido en el noreste del Irak. El sitio web \u00b4Someria News\u00b4 cit\u00f3 a una fuente de seguridad diciendo que un artefacto explot\u00f3 al paso de una patrulla de la brigada respuesta r\u00e1pida mientras realizaba una operaci\u00f3n de seguridad en los poblados del &hellip;<\/p>\n","protected":false},"author":1,"featured_media":142890,"comment_status":"closed","ping_status":"closed","sticky":false,"template":"","format":"standard","meta":{"footnotes":""},"categories":[597,456],"tags":[],"class_list":["post-142889","post","type-post","status-publish","format-standard","has-post-thumbnail","","category-cinta-de-noticias","category-arabe-internacional-politica"],"_links":{"self":[{"href":"https:\/\/archive.sana.sy\/es\/index.php?rest_route=\/wp\/v2\/posts\/142889"}],"collection":[{"href":"https:\/\/archive.sana.sy\/es\/index.php?rest_route=\/wp\/v2\/posts"}],"about":[{"href":"https:\/\/archive.sana.sy\/es\/index.php?rest_route=\/wp\/v2\/types\/post"}],"author":[{"embeddable":true,"href":"https:\/\/archive.sana.sy\/es\/index.php?rest_route=\/wp\/v2\/users\/1"}],"replies":[{"embeddable":true,"href":"https:\/\/archive.sana.sy\/es\/index.php?rest_route=%2Fwp%2Fv2%2Fcomments&post=142889"}],"version-history":[{"count":0,"href":"https:\/\/archive.sana.sy\/es\/index.php?rest_route=\/wp\/v2\/posts\/142889\/revisions"}],"wp:featuredmedia":[{"embeddable":true,"href":"https:\/\/archive.sana.sy\/es\/index.php?rest_route=\/wp\/v2\/media\/142890"}],"wp:attachment":[{"href":"https:\/\/archive.sana.sy\/es\/index.php?rest_route=%2Fwp%2Fv2%2Fmedia&parent=142889"}],"wp:term":[{"taxonomy":"category","embeddable":true,"href":"https:\/\/archive.sana.sy\/es\/index.php?rest_route=%2Fwp%2Fv2%2Fcategories&post=142889"},{"taxonomy":"post_tag","embeddable":true,"href":"https:\/\/archive.sana.sy\/es\/index.php?rest_route=%2Fwp%2Fv2%2Ftags&post=142889"}],"curies":[{"name":"wp","href":"https:\/\/api.w.org\/{rel}","templated":true}]}}